{"id":2770,"date":"2021-12-15T09:55:03","date_gmt":"2021-12-15T12:55:03","guid":{"rendered":"http:\/\/cultura.sma.gob.ar\/?p=2770"},"modified":"2021-12-15T09:56:02","modified_gmt":"2021-12-15T12:56:02","slug":"georg-miciu-el-ojo-insaciable-charla-virtual-gratuita","status":"publish","type":"post","link":"https:\/\/cultura.sma.gob.ar\/?p=2770","title":{"rendered":"Georg Miciu: el ojo insaciable &#8211; charla virtual gratuita"},"content":{"rendered":"\n<figure class=\"wp-block-image size-large\"><img loading=\"lazy\" decoding=\"async\" width=\"756\" height=\"756\" src=\"http:\/\/cultura.sma.gob.ar\/wp-content\/uploads\/2021\/12\/WhatsApp-Image-2021-12-14-at-15.13.25.jpeg\" alt=\"\" class=\"wp-image-2771\" srcset=\"https:\/\/cultura.sma.gob.ar\/wp-content\/uploads\/2021\/12\/WhatsApp-Image-2021-12-14-at-15.13.25.jpeg 756w, https:\/\/cultura.sma.gob.ar\/wp-content\/uploads\/2021\/12\/WhatsApp-Image-2021-12-14-at-15.13.25-300x300.jpeg 300w, https:\/\/cultura.sma.gob.ar\/wp-content\/uploads\/2021\/12\/WhatsApp-Image-2021-12-14-at-15.13.25-150x150.jpeg 150w, https:\/\/cultura.sma.gob.ar\/wp-content\/uploads\/2021\/12\/WhatsApp-Image-2021-12-14-at-15.13.25-90x90.jpeg 90w\" sizes=\"auto, (max-width: 756px) 100vw, 756px\" \/><\/figure>\n\n\n\n<p>Preparemos nuestras valijas para emprender un viaje cultural y transportarnos a los m\u00e1gicos bosques de San Mart\u00edn de los Andes. All\u00ed descubriremos uno de los secretos mejor guardados de la Patagonia: la Colecci\u00f3n Georg.<br><br>Georg Mici\u00fa es un artista austr\u00edaco de nacimiento y patag\u00f3nico por adopci\u00f3n definido por el Arq. Alberto Bellucci, como \u201cun impresionista con la audacia de un informalista\u201d. Su obra, cuyo protagonista indiscutido es el paisaje patag\u00f3nico, maravilla por su sensibilidad, pero sobre todo por el virtuosismo de su pintura. Maestro en la t\u00e9cnica del \u00f3leo con esp\u00e1tula, Georg crea verdaderas odas a la belleza natural y la cultura campestre del sur argentino.<\/p>\n\n\n\n<p>Te invitamos a compartir un recorrido especial por la fresca serenidad de sus pinturas el jueves 16 de diciembre a las 19hs, a trav\u00e9s de Google Meet. La entrada es gratuita, pero requiere inscripci\u00f3n previa, ingresando en este link:\u00a0<a rel=\"noreferrer noopener\" href=\"https:\/\/correo.smandes.gov.ar\/owa\/redir.aspx?C=7468e15a9bbd4bc8af385312429b9a82&amp;URL=https%3a%2f%2fforms.gle%2fBytCRiyswLGNciUs7\" target=\"_blank\">https:\/\/forms.gle\/BytCRiyswLGNciUs7<\/a><\/p>\n\n\n\n<p>Facebook e instragram de la galeria<a href=\"https:\/\/correo.smandes.gov.ar\/owa\/redir.aspx?C=7468e15a9bbd4bc8af385312429b9a82&amp;URL=https%3a%2f%2finstagram.com%2fcolecciongeorg%3futm_medium%3dcopy_link\" target=\"_blank\" rel=\"noreferrer noopener\">https:\/\/instagram.com\/colecciongeorg?utm_medium=copy_link<\/a><\/p>\n\n\n\n<figure class=\"wp-block-embed\"><div class=\"wp-block-embed__wrapper\">\nhttps:\/\/web.facebook.com\/Coleccion-Georg-105828768029017\n<\/div><\/figure>\n\n\n\n<p>&nbsp;Instagram y facebook de la organizadora:<br><a href=\"https:\/\/correo.smandes.gov.ar\/owa\/redir.aspx?C=7468e15a9bbd4bc8af385312429b9a82&amp;URL=https%3a%2f%2finstagram.com%2ftheartbreak_%3futm_medium%3dcopy_link\" target=\"_blank\" rel=\"noreferrer noopener\">https:\/\/instagram.com\/theartbreak_?utm_medium=copy_link<\/a><br>Facebook de la que organiza:<br><a href=\"https:\/\/correo.smandes.gov.ar\/owa\/redir.aspx?C=7468e15a9bbd4bc8af385312429b9a82&amp;URL=https%3a%2f%2fwww.facebook.com%2ftheartbreakarg%2f\" target=\"_blank\" rel=\"noreferrer noopener\">https:\/\/www.facebook.com\/theartbreakarg\/<\/a><\/p>\n","protected":false},"excerpt":{"rendered":"<p>Jueves 16 a las 19hs v\u00eda Google Meet <a href=\"https:\/\/cultura.sma.gob.ar\/?p=2770\" class=\"more-link\">Continue reading <span class=\"screen-reader-text\">Georg Miciu: el ojo insaciable &#8211; charla virtual gratuita<\/span><\/a><\/p>\n","protected":false},"author":1,"featured_media":297,"comment_status":"closed","ping_status":"","sticky":false,"template":"","format":"image","meta":{"footnotes":""},"categories":[2],"tags":[],"class_list":["post-2770","post","type-post","status-publish","format-image","has-post-thumbnail","hentry","category-ciudad-cultural","post_format-post-format-image"],"_links":{"self":[{"href":"https:\/\/cultura.sma.gob.ar\/index.php?rest_route=\/wp\/v2\/posts\/2770","targetHints":{"allow":["GET"]}}],"collection":[{"href":"https:\/\/cultura.sma.gob.ar\/index.php?rest_route=\/wp\/v2\/posts"}],"about":[{"href":"https:\/\/cultura.sma.gob.ar\/index.php?rest_route=\/wp\/v2\/types\/post"}],"author":[{"embeddable":true,"href":"https:\/\/cultura.sma.gob.ar\/index.php?rest_route=\/wp\/v2\/users\/1"}],"replies":[{"embeddable":true,"href":"https:\/\/cultura.sma.gob.ar\/index.php?rest_route=%2Fwp%2Fv2%2Fcomments&post=2770"}],"version-history":[{"count":2,"href":"https:\/\/cultura.sma.gob.ar\/index.php?rest_route=\/wp\/v2\/posts\/2770\/revisions"}],"predecessor-version":[{"id":2773,"href":"https:\/\/cultura.sma.gob.ar\/index.php?rest_route=\/wp\/v2\/posts\/2770\/revisions\/2773"}],"wp:featuredmedia":[{"embeddable":true,"href":"https:\/\/cultura.sma.gob.ar\/index.php?rest_route=\/wp\/v2\/media\/297"}],"wp:attachment":[{"href":"https:\/\/cultura.sma.gob.ar\/index.php?rest_route=%2Fwp%2Fv2%2Fmedia&parent=2770"}],"wp:term":[{"taxonomy":"category","embeddable":true,"href":"https:\/\/cultura.sma.gob.ar\/index.php?rest_route=%2Fwp%2Fv2%2Fcategories&post=2770"},{"taxonomy":"post_tag","embeddable":true,"href":"https:\/\/cultura.sma.gob.ar\/index.php?rest_route=%2Fwp%2Fv2%2Ftags&post=2770"}],"curies":[{"name":"wp","href":"https:\/\/api.w.org\/{rel}","templated":true}]}}