{"id":2763,"date":"2021-12-13T08:24:10","date_gmt":"2021-12-13T11:24:10","guid":{"rendered":"http:\/\/cultura.sma.gob.ar\/?p=2763"},"modified":"2021-12-22T09:57:00","modified_gmt":"2021-12-22T12:57:00","slug":"dos-fragmentos-de-piezas-unicas-con-neftali-villalba-y-lisandro-gomez","status":"publish","type":"post","link":"https:\/\/cultura.sma.gob.ar\/?p=2763","title":{"rendered":"Dos fragmentos de piezas \u00fanicas, con Neftal\u00ed Villalba y Lisandro G\u00f3mez"},"content":{"rendered":"\n<figure class=\"wp-block-image size-large\"><img loading=\"lazy\" decoding=\"async\" width=\"576\" height=\"1024\" src=\"http:\/\/cultura.sma.gob.ar\/wp-content\/uploads\/2021\/12\/Danza-Teatro-07-01-2022-576x1024.png\" alt=\"\" class=\"wp-image-2784\" srcset=\"https:\/\/cultura.sma.gob.ar\/wp-content\/uploads\/2021\/12\/Danza-Teatro-07-01-2022-576x1024.png 576w, https:\/\/cultura.sma.gob.ar\/wp-content\/uploads\/2021\/12\/Danza-Teatro-07-01-2022-169x300.png 169w, https:\/\/cultura.sma.gob.ar\/wp-content\/uploads\/2021\/12\/Danza-Teatro-07-01-2022-768x1365.png 768w, https:\/\/cultura.sma.gob.ar\/wp-content\/uploads\/2021\/12\/Danza-Teatro-07-01-2022-864x1536.png 864w, https:\/\/cultura.sma.gob.ar\/wp-content\/uploads\/2021\/12\/Danza-Teatro-07-01-2022-51x90.png 51w, https:\/\/cultura.sma.gob.ar\/wp-content\/uploads\/2021\/12\/Danza-Teatro-07-01-2022.png 1080w\" sizes=\"auto, (max-width: 576px) 100vw, 576px\" \/><\/figure>\n\n\n\n<p>El pr\u00f3ximo 7 de diciembre a las 21:30hs, en nuestra querida Sala Amankay, seguimos estirando el 2021 con imperdibles propuestas.<br>Neftali Villalba y Lisandro G\u00f3mez presentan el Fragmento de dos obras para compartir:<br>\u201cHASTA D\u00d3NDE LLEGAR\u00c1 MI HUMANIDAD Y ME EXTINGUIR\u00c9 UNA VEZ\u201d y \u201cRECORRIDO I\u201d.<\/p>\n\n\n\n<p>Finalizando el a\u00f1o los invitamos a ver y converger en un espacio en el que dos int\u00e9rpretes de Mendoza compartir\u00e1n fragmentos de sus obras solistas de danza\/teatro.<\/p>\n\n\n\n<p><strong><u>Abro los ojos (Neftali Villalba): \u201cHasta cuando me atravesar\u00e1 m\u00ed humanidad y me extinguir\u00e9 de una vez\u201d<\/u><\/strong><br>Un sopor entre viajes inconexos, son&nbsp; sue\u00f1os de un hombre que transita sin aparente elecci\u00f3n vidas y \u00e9pocas. Al despertar sabr\u00e1 realmente quien es, conform\u00e1ndose con saber que ma\u00f1ana tendr\u00e1 otra oportunidad de abrir los ojos.<br>Este es un extracto de la obra \u201cAbro los ojos\u201d, en su versi\u00f3n m\u00e1s desnuda y descarnada e \u00edntima.<\/p>\n\n\n\n<p><strong><u>Piloto autom\u00e1tico (Lisandro G\u00f3mez): \u201cRecorrido I\u201d<br><\/u><\/strong>La pieza evoca el transito que alguien hace desde una ubicaci\u00f3n geogr\u00e1fica hacia otra y el impacto que esto puede generar en su cuerpo, \u00bfC\u00f3mo escuchar la ausencia?&nbsp; \u00bfLa salida est\u00e1 fuera de ac\u00e1?&nbsp;<br>Es un fragmento de la obra \u201cPiloto autom\u00e1tico\u201d. &nbsp;&nbsp;&nbsp;&nbsp;&nbsp;&nbsp;<\/p>\n\n\n\n<p>Entradas en venta en la boleter\u00eda del Centro Cultural Cotesma.<br>Anticipadas (Hasta el 19\/12) $500.- Del 20\/12 en adelante $700.-<\/p>\n","protected":false},"excerpt":{"rendered":"<p>Mi\u00e9rcoles 22 de diciembre a las 21:30hs en el Centro Cultural Cotesma <a href=\"https:\/\/cultura.sma.gob.ar\/?p=2763\" class=\"more-link\">Continue reading <span class=\"screen-reader-text\">Dos fragmentos de piezas \u00fanicas, con Neftal\u00ed Villalba y Lisandro G\u00f3mez<\/span><\/a><\/p>\n","protected":false},"author":1,"featured_media":297,"comment_status":"closed","ping_status":"","sticky":false,"template":"","format":"image","meta":{"footnotes":""},"categories":[2],"tags":[],"class_list":["post-2763","post","type-post","status-publish","format-image","has-post-thumbnail","hentry","category-ciudad-cultural","post_format-post-format-image"],"_links":{"self":[{"href":"https:\/\/cultura.sma.gob.ar\/index.php?rest_route=\/wp\/v2\/posts\/2763","targetHints":{"allow":["GET"]}}],"collection":[{"href":"https:\/\/cultura.sma.gob.ar\/index.php?rest_route=\/wp\/v2\/posts"}],"about":[{"href":"https:\/\/cultura.sma.gob.ar\/index.php?rest_route=\/wp\/v2\/types\/post"}],"author":[{"embeddable":true,"href":"https:\/\/cultura.sma.gob.ar\/index.php?rest_route=\/wp\/v2\/users\/1"}],"replies":[{"embeddable":true,"href":"https:\/\/cultura.sma.gob.ar\/index.php?rest_route=%2Fwp%2Fv2%2Fcomments&post=2763"}],"version-history":[{"count":2,"href":"https:\/\/cultura.sma.gob.ar\/index.php?rest_route=\/wp\/v2\/posts\/2763\/revisions"}],"predecessor-version":[{"id":2785,"href":"https:\/\/cultura.sma.gob.ar\/index.php?rest_route=\/wp\/v2\/posts\/2763\/revisions\/2785"}],"wp:featuredmedia":[{"embeddable":true,"href":"https:\/\/cultura.sma.gob.ar\/index.php?rest_route=\/wp\/v2\/media\/297"}],"wp:attachment":[{"href":"https:\/\/cultura.sma.gob.ar\/index.php?rest_route=%2Fwp%2Fv2%2Fmedia&parent=2763"}],"wp:term":[{"taxonomy":"category","embeddable":true,"href":"https:\/\/cultura.sma.gob.ar\/index.php?rest_route=%2Fwp%2Fv2%2Fcategories&post=2763"},{"taxonomy":"post_tag","embeddable":true,"href":"https:\/\/cultura.sma.gob.ar\/index.php?rest_route=%2Fwp%2Fv2%2Ftags&post=2763"}],"curies":[{"name":"wp","href":"https:\/\/api.w.org\/{rel}","templated":true}]}}