{"id":2758,"date":"2021-12-10T08:33:34","date_gmt":"2021-12-10T11:33:34","guid":{"rendered":"http:\/\/cultura.sma.gob.ar\/?p=2758"},"modified":"2021-12-10T08:33:34","modified_gmt":"2021-12-10T11:33:34","slug":"38o-edicion-del-trabun","status":"publish","type":"post","link":"https:\/\/cultura.sma.gob.ar\/?p=2758","title":{"rendered":"38\u00ba edici\u00f3n del Trabun"},"content":{"rendered":"\n<div class=\"wp-block-jetpack-slideshow aligncenter\" data-effect=\"slide\"><div class=\"wp-block-jetpack-slideshow_container swiper-container\"><ul class=\"wp-block-jetpack-slideshow_swiper-wrapper swiper-wrapper\"><li class=\"wp-block-jetpack-slideshow_slide swiper-slide\"><figure><img loading=\"lazy\" decoding=\"async\" width=\"445\" height=\"630\" alt=\"\" class=\"wp-block-jetpack-slideshow_image wp-image-2759\" data-id=\"2759\" src=\"http:\/\/cultura.sma.gob.ar\/wp-content\/uploads\/2021\/12\/247470842_4613674352049846_1694894259004453560_n.jpg\" srcset=\"https:\/\/cultura.sma.gob.ar\/wp-content\/uploads\/2021\/12\/247470842_4613674352049846_1694894259004453560_n.jpg 445w, https:\/\/cultura.sma.gob.ar\/wp-content\/uploads\/2021\/12\/247470842_4613674352049846_1694894259004453560_n-212x300.jpg 212w, https:\/\/cultura.sma.gob.ar\/wp-content\/uploads\/2021\/12\/247470842_4613674352049846_1694894259004453560_n-64x90.jpg 64w\" sizes=\"auto, (max-width: 445px) 100vw, 445px\" \/><\/figure><\/li><li class=\"wp-block-jetpack-slideshow_slide swiper-slide\"><figure><img loading=\"lazy\" decoding=\"async\" width=\"694\" height=\"982\" alt=\"\" class=\"wp-block-jetpack-slideshow_image wp-image-2760\" data-id=\"2760\" src=\"http:\/\/cultura.sma.gob.ar\/wp-content\/uploads\/2021\/12\/248693433_4613674412049840_7743839649924018300_n.jpg\" srcset=\"https:\/\/cultura.sma.gob.ar\/wp-content\/uploads\/2021\/12\/248693433_4613674412049840_7743839649924018300_n.jpg 694w, https:\/\/cultura.sma.gob.ar\/wp-content\/uploads\/2021\/12\/248693433_4613674412049840_7743839649924018300_n-212x300.jpg 212w, https:\/\/cultura.sma.gob.ar\/wp-content\/uploads\/2021\/12\/248693433_4613674412049840_7743839649924018300_n-64x90.jpg 64w\" sizes=\"auto, (max-width: 694px) 100vw, 694px\" \/><\/figure><\/li><\/ul><a class=\"wp-block-jetpack-slideshow_button-prev swiper-button-prev swiper-button-white\" role=\"button\"><\/a><a class=\"wp-block-jetpack-slideshow_button-next swiper-button-next swiper-button-white\" role=\"button\"><\/a><a aria-label=\"Pause Slideshow\" class=\"wp-block-jetpack-slideshow_button-pause\" role=\"button\"><\/a><div class=\"wp-block-jetpack-slideshow_pagination swiper-pagination swiper-pagination-white\"><\/div><\/div><\/div>\n\n\n\n<p>Este viernes 10, s\u00e1bado 11 y domingo 12 celebraremos la 38\u00aa edici\u00f3n del Trab\u00fan, la gran fiesta popular que nos re\u00fane en la plaza San Mart\u00edn para celebrar el encuentro de los pueblos. \u00a0<\/p>\n\n\n\n<h2 class=\"wp-block-heading\">Horarios especiales de Expreso de Los Andes:<\/h2>\n\n\n\n<p>\u00daltimos colectivos que saldr\u00e1n de la terminal: <strong>VIERNES 10 Y S\u00c1BADO 11<\/strong>. L\u00ednea 1 a Chacra 30. \u00daltimos servicios a las 22:40 &#8211; 23:45 y 00:25 horas. DIRECTO a Chacra 32: \u00faltimos servicios salen a las 23:20 &#8211; 01:05 horas. L\u00ednea 4 a Los Radales. \u00daltimos servicios: 23:15 &#8211; 00:30 horas. <strong>DOMINGO 12<\/strong>. L\u00ednea 1 a Chacra 30. \u00daltimos servicios a las 23:00 y 00:45 horas. L\u00ednea 4 a Los Radales. \u00daltimos servicios: 23:15 &#8211; 00:30 horas.<\/p>\n","protected":false},"excerpt":{"rendered":"<p>Viernes 10, s\u00e1bado 11 y domingo 12 de diciembre en la Plaza San Martin. <a href=\"https:\/\/cultura.sma.gob.ar\/?p=2758\" class=\"more-link\">Continue reading <span class=\"screen-reader-text\">38\u00ba edici\u00f3n del Trabun<\/span><\/a><\/p>\n","protected":false},"author":1,"featured_media":296,"comment_status":"closed","ping_status":"","sticky":false,"template":"","format":"image","meta":{"footnotes":""},"categories":[3,9],"tags":[],"class_list":["post-2758","post","type-post","status-publish","format-image","has-post-thumbnail","hentry","category-eventos-cultura","category-ultimas-noticias","post_format-post-format-image"],"_links":{"self":[{"href":"https:\/\/cultura.sma.gob.ar\/index.php?rest_route=\/wp\/v2\/posts\/2758","targetHints":{"allow":["GET"]}}],"collection":[{"href":"https:\/\/cultura.sma.gob.ar\/index.php?rest_route=\/wp\/v2\/posts"}],"about":[{"href":"https:\/\/cultura.sma.gob.ar\/index.php?rest_route=\/wp\/v2\/types\/post"}],"author":[{"embeddable":true,"href":"https:\/\/cultura.sma.gob.ar\/index.php?rest_route=\/wp\/v2\/users\/1"}],"replies":[{"embeddable":true,"href":"https:\/\/cultura.sma.gob.ar\/index.php?rest_route=%2Fwp%2Fv2%2Fcomments&post=2758"}],"version-history":[{"count":1,"href":"https:\/\/cultura.sma.gob.ar\/index.php?rest_route=\/wp\/v2\/posts\/2758\/revisions"}],"predecessor-version":[{"id":2761,"href":"https:\/\/cultura.sma.gob.ar\/index.php?rest_route=\/wp\/v2\/posts\/2758\/revisions\/2761"}],"wp:featuredmedia":[{"embeddable":true,"href":"https:\/\/cultura.sma.gob.ar\/index.php?rest_route=\/wp\/v2\/media\/296"}],"wp:attachment":[{"href":"https:\/\/cultura.sma.gob.ar\/index.php?rest_route=%2Fwp%2Fv2%2Fmedia&parent=2758"}],"wp:term":[{"taxonomy":"category","embeddable":true,"href":"https:\/\/cultura.sma.gob.ar\/index.php?rest_route=%2Fwp%2Fv2%2Fcategories&post=2758"},{"taxonomy":"post_tag","embeddable":true,"href":"https:\/\/cultura.sma.gob.ar\/index.php?rest_route=%2Fwp%2Fv2%2Ftags&post=2758"}],"curies":[{"name":"wp","href":"https:\/\/api.w.org\/{rel}","templated":true}]}}