{"id":2750,"date":"2021-11-29T09:26:39","date_gmt":"2021-11-29T12:26:39","guid":{"rendered":"http:\/\/cultura.sma.gob.ar\/?p=2750"},"modified":"2021-11-29T09:26:39","modified_gmt":"2021-11-29T12:26:39","slug":"wara-de-los-andes-presenta-tierra-de-colores","status":"publish","type":"post","link":"https:\/\/cultura.sma.gob.ar\/?p=2750","title":{"rendered":"Wara de los Andes presenta &#8220;Tierra de colores&#8221;"},"content":{"rendered":"\n<figure class=\"wp-block-image size-large\"><img loading=\"lazy\" decoding=\"async\" width=\"723\" height=\"1024\" src=\"http:\/\/cultura.sma.gob.ar\/wp-content\/uploads\/2021\/11\/Flyer-Wara-de-los-Andes-723x1024.jpg\" alt=\"\" class=\"wp-image-2751\" srcset=\"https:\/\/cultura.sma.gob.ar\/wp-content\/uploads\/2021\/11\/Flyer-Wara-de-los-Andes-723x1024.jpg 723w, https:\/\/cultura.sma.gob.ar\/wp-content\/uploads\/2021\/11\/Flyer-Wara-de-los-Andes-212x300.jpg 212w, https:\/\/cultura.sma.gob.ar\/wp-content\/uploads\/2021\/11\/Flyer-Wara-de-los-Andes-768x1087.jpg 768w, https:\/\/cultura.sma.gob.ar\/wp-content\/uploads\/2021\/11\/Flyer-Wara-de-los-Andes-64x90.jpg 64w, https:\/\/cultura.sma.gob.ar\/wp-content\/uploads\/2021\/11\/Flyer-Wara-de-los-Andes.jpg 904w\" sizes=\"auto, (max-width: 723px) 100vw, 723px\" \/><\/figure>\n\n\n\n<p>El pr\u00f3ximo viernes, 10 de diciembre a las 19hs y a las 21:30hs, en nuestra querida Sala Amankay, el Ballet Art\u00edstico Andino Wara de los Andes, presenta \u201cTIERRA DE COLORES\u201d, imperdible propuesta realizada por todo el elenco, conformado por ni\u00f1os, adolescentes y adultos, dirigidos por su directora y profesora Jimena Mart\u00ednez.<\/p>\n\n\n\n<p>Wara de los Andes, nos trae el carnaval del norte argentino a la Patagonia, para que disfrutemos de la cultura coya y de nuestro vecino pa\u00eds, Bolivia, mostrando parte de la riqueza andina mediante una variedad de ritmos, vestimentas y m\u00fasica t\u00edpica de cada regi\u00f3n.<\/p>\n\n\n\n<p>Para cerrar este hermoso encuentro nos deleitaran con la presencia del grupo&nbsp; folkl\u00f3rico andino \u201cLos Kallpas\u201d de Cutral C\u00f3, que con su m\u00fasica y alegr\u00eda nos remontaran a aquellos carnavales de la quebrada de Humahuaca.<\/p>\n\n\n\n<p>Las entradas estar\u00e1n a la venta en la boleter\u00eda del Centro Cultural Cotesma.-<\/p>\n\n\n\n<p>Entrada General $500.-<\/p>\n","protected":false},"excerpt":{"rendered":"<p>Viernes 10 a las 19hs en el Centro Cultural Cotesma <a href=\"https:\/\/cultura.sma.gob.ar\/?p=2750\" class=\"more-link\">Continue reading <span class=\"screen-reader-text\">Wara de los Andes presenta &#8220;Tierra de colores&#8221;<\/span><\/a><\/p>\n","protected":false},"author":1,"featured_media":297,"comment_status":"closed","ping_status":"","sticky":false,"template":"","format":"image","meta":{"footnotes":""},"categories":[2,9],"tags":[],"class_list":["post-2750","post","type-post","status-publish","format-image","has-post-thumbnail","hentry","category-ciudad-cultural","category-ultimas-noticias","post_format-post-format-image"],"_links":{"self":[{"href":"https:\/\/cultura.sma.gob.ar\/index.php?rest_route=\/wp\/v2\/posts\/2750","targetHints":{"allow":["GET"]}}],"collection":[{"href":"https:\/\/cultura.sma.gob.ar\/index.php?rest_route=\/wp\/v2\/posts"}],"about":[{"href":"https:\/\/cultura.sma.gob.ar\/index.php?rest_route=\/wp\/v2\/types\/post"}],"author":[{"embeddable":true,"href":"https:\/\/cultura.sma.gob.ar\/index.php?rest_route=\/wp\/v2\/users\/1"}],"replies":[{"embeddable":true,"href":"https:\/\/cultura.sma.gob.ar\/index.php?rest_route=%2Fwp%2Fv2%2Fcomments&post=2750"}],"version-history":[{"count":1,"href":"https:\/\/cultura.sma.gob.ar\/index.php?rest_route=\/wp\/v2\/posts\/2750\/revisions"}],"predecessor-version":[{"id":2752,"href":"https:\/\/cultura.sma.gob.ar\/index.php?rest_route=\/wp\/v2\/posts\/2750\/revisions\/2752"}],"wp:featuredmedia":[{"embeddable":true,"href":"https:\/\/cultura.sma.gob.ar\/index.php?rest_route=\/wp\/v2\/media\/297"}],"wp:attachment":[{"href":"https:\/\/cultura.sma.gob.ar\/index.php?rest_route=%2Fwp%2Fv2%2Fmedia&parent=2750"}],"wp:term":[{"taxonomy":"category","embeddable":true,"href":"https:\/\/cultura.sma.gob.ar\/index.php?rest_route=%2Fwp%2Fv2%2Fcategories&post=2750"},{"taxonomy":"post_tag","embeddable":true,"href":"https:\/\/cultura.sma.gob.ar\/index.php?rest_route=%2Fwp%2Fv2%2Ftags&post=2750"}],"curies":[{"name":"wp","href":"https:\/\/api.w.org\/{rel}","templated":true}]}}