{"id":2740,"date":"2021-11-29T09:03:56","date_gmt":"2021-11-29T12:03:56","guid":{"rendered":"http:\/\/cultura.sma.gob.ar\/?p=2740"},"modified":"2021-11-29T09:03:56","modified_gmt":"2021-11-29T12:03:56","slug":"pariras-con-dolor-y-otras-maldiciones-proxima-exposicion-en-la-sala-lidaura-chapitel","status":"publish","type":"post","link":"https:\/\/cultura.sma.gob.ar\/?p=2740","title":{"rendered":"\u201cParir\u00e1s con dolor y otras maldiciones\u201d: pr\u00f3xima exposici\u00f3n en la sala Lidaura Chapitel"},"content":{"rendered":"\n<div class=\"wp-block-image\"><figure class=\"aligncenter size-large\"><img loading=\"lazy\" decoding=\"async\" width=\"1024\" height=\"1024\" src=\"http:\/\/cultura.sma.gob.ar\/wp-content\/uploads\/2021\/11\/flyer-1-1024x1024.jpg\" alt=\"\" class=\"wp-image-2742\" srcset=\"https:\/\/cultura.sma.gob.ar\/wp-content\/uploads\/2021\/11\/flyer-1-1024x1024.jpg 1024w, https:\/\/cultura.sma.gob.ar\/wp-content\/uploads\/2021\/11\/flyer-1-300x300.jpg 300w, https:\/\/cultura.sma.gob.ar\/wp-content\/uploads\/2021\/11\/flyer-1-150x150.jpg 150w, https:\/\/cultura.sma.gob.ar\/wp-content\/uploads\/2021\/11\/flyer-1-768x768.jpg 768w, https:\/\/cultura.sma.gob.ar\/wp-content\/uploads\/2021\/11\/flyer-1-1536x1536.jpg 1536w, https:\/\/cultura.sma.gob.ar\/wp-content\/uploads\/2021\/11\/flyer-1-90x90.jpg 90w, https:\/\/cultura.sma.gob.ar\/wp-content\/uploads\/2021\/11\/flyer-1.jpg 1875w\" sizes=\"auto, (max-width: 1024px) 100vw, 1024px\" \/><\/figure><\/div>\n\n\n\n<p>El <strong>pr\u00f3ximo 3 de diciembre<\/strong>, la Sala Municipal de Exposiciones Lidaura Chapitel inaugura una nueva muestra, esta vez de la mano de una exposici\u00f3n colectiva producida por dos artistas de Chubut: <strong>Ruth Mariel Carvalho y Mariela Leticia Barrientos<\/strong>. El <strong>evento de apertura<\/strong> <strong>est\u00e1 abierto a todo p\u00fablico<\/strong>, desde las 19:30hs, y la muestra permanecer\u00e1 disponible hasta el 22 de diciembre.<\/p>\n\n\n\n<p>Estas obras se manifiestan en di\u00e1logo abierto entre dos artistas interdisciplinares, con paralelismos biogr\u00e1ficos sobre traumas familiares, revisiones de g\u00e9nero y el rol de la mujer en la sociedad. Ruth Mariel Carvalho invita al espectador a transitar un lugar permeable, que aparenta ser impenetrable y que condiciona su percepci\u00f3n del afuera, desde la propuesta de un espacio que se vuelve intriga e invita experiencialmente. Mariela Leticia Barrientos desdibuja las l\u00edneas de los procesos de emancipaci\u00f3n de la mujer. Toma los conceptos de cuerpo, el territorio, lo salvaje, la percepci\u00f3n de los duelos,\u00a0 la renovaci\u00f3n y la perpetuidad del ser. Ambas construyen y deconstruyen el espacio metaf\u00f3rico y real de residencia del dolor. Proponen una pausa, un momento reflexivo, un intervalo que se evidencia m\u00e1s all\u00e1 de lo intangible.<\/p>\n\n\n\n<div class=\"wp-block-image\"><figure class=\"aligncenter size-large\"><img loading=\"lazy\" decoding=\"async\" width=\"1024\" height=\"1024\" src=\"http:\/\/cultura.sma.gob.ar\/wp-content\/uploads\/2021\/11\/flyer-2-1024x1024.jpg\" alt=\"\" class=\"wp-image-2741\" srcset=\"https:\/\/cultura.sma.gob.ar\/wp-content\/uploads\/2021\/11\/flyer-2-1024x1024.jpg 1024w, https:\/\/cultura.sma.gob.ar\/wp-content\/uploads\/2021\/11\/flyer-2-300x300.jpg 300w, https:\/\/cultura.sma.gob.ar\/wp-content\/uploads\/2021\/11\/flyer-2-150x150.jpg 150w, https:\/\/cultura.sma.gob.ar\/wp-content\/uploads\/2021\/11\/flyer-2-768x768.jpg 768w, https:\/\/cultura.sma.gob.ar\/wp-content\/uploads\/2021\/11\/flyer-2-1536x1536.jpg 1536w, https:\/\/cultura.sma.gob.ar\/wp-content\/uploads\/2021\/11\/flyer-2-90x90.jpg 90w, https:\/\/cultura.sma.gob.ar\/wp-content\/uploads\/2021\/11\/flyer-2.jpg 1875w\" sizes=\"auto, (max-width: 1024px) 100vw, 1024px\" \/><\/figure><\/div>\n\n\n\n<p><strong>Sobre las artistas:<\/strong><\/p>\n\n\n\n<p><strong>Mariela Leticia Barrientos<\/strong> (La Plata, Buenos Aires, 1973) Se form\u00f3 como Profesora en Artes Pl\u00e1sticas con orientaci\u00f3n Escultura en la Facultad de Bellas Artes, Universidad Nacional de La Plata, Buenos Aires. Realiz\u00f3 seminarios y cursos de arte americano dictado por Benavidez Bedoya y charlas-taller con el escultor Antonio Puj\u00eda y el artista Visual H\u00e9ctor Medici. Particip\u00f3 del workshop sobre Producci\u00f3n electr\u00f3nica y videoarte latinoamericano dictado por Graciela Taquini en el Centro Cultural Islas Malvinas. Desde 2014 participa en muestras y acciones colectivas en Chubut, R\u00edo Negro y Buenos Aires. Realiz\u00f3 la residencia Proyecto Isla Victoria: arte\/filosof\u00eda\/naturaleza en la Isla Victoria Parque Nacional Nauhel Huapi (2019). Muestra del laboratorio en el Museo de la Patagonia, Bariloche. En el 2020 realiz\u00f3 el estudio de postgrado Diplomatura de arte aplicado a la sociedad Uberbau_house (S\u00e3o Paulo, Brasil). En 2021 realiz\u00f3 la muestra individual Otras Conversas. Instalaci\u00f3n\/arte colaborativo en el C.C. Esquel Melipal.<\/p>\n\n\n\n<p><strong>Ruth Mariel Carvalho<\/strong> (La Plata, Buenos Aires, 1973) Se form\u00f3 en el Instituto Superior Art\u00edstico de Trelew, Chubut. Realiz\u00f3 cursos y seminarios en cer\u00e1mica, variedad de telares, en dibujo contempor\u00e1neo y artes combinadas (Trelew, Chubut). Desde 2010 participa en muestras individuales y colectivas en Chubut, Neuqu\u00e9n, C\u00f3rdoba, Buenos Aires y en Madrid, Espa\u00f1a. En 2011 fue seleccionada y particip\u00f3 del Proyecto Circular III en el Palais de Glace en CABA. Entre 2014 y 2015 fue becada y realiz\u00f3 perfeccionamientos de an\u00e1lisis y seguimiento de obra, en el Programa Federal para las artes Art Boomerang a cargo del curador Daniel Fischer y para el Fondo Nacional de las Artes a cargo del curador Rafael Cipolini. En Rada Tilly, Chubut. Y para el encuentro &#8220;El Arte en cuesti\u00f3n&#8221; del FNA, con charlas y seminarios a cargo de Carlos Herrera, Eduardo Basualdo, Fernando Farina, Leticia Obeid y Roberto Echen. Entre 2016 y 2019 obtuvo 1\u00b0 premio y selecciones en salones y galer\u00edas en Bs As, Chubut y Neuqu\u00e9n, Argentina. Actualmente sigue perfeccion\u00e1ndose en Art Boomerang Territorio a cargo del curador Daniel Fischer, Virtual.<\/p>\n","protected":false},"excerpt":{"rendered":"<p>Desde el 3 de diciembre, con inauguraci\u00f3n abierta a todo p\u00fablico. <a href=\"https:\/\/cultura.sma.gob.ar\/?p=2740\" class=\"more-link\">Continue reading <span class=\"screen-reader-text\">\u201cParir\u00e1s con dolor y otras maldiciones\u201d: pr\u00f3xima exposici\u00f3n en la sala Lidaura Chapitel<\/span><\/a><\/p>\n","protected":false},"author":1,"featured_media":295,"comment_status":"closed","ping_status":"","sticky":false,"template":"","format":"image","meta":{"footnotes":""},"categories":[6,9],"tags":[],"class_list":["post-2740","post","type-post","status-publish","format-image","has-post-thumbnail","hentry","category-sala-lidaura-chapitel","category-ultimas-noticias","post_format-post-format-image"],"_links":{"self":[{"href":"https:\/\/cultura.sma.gob.ar\/index.php?rest_route=\/wp\/v2\/posts\/2740","targetHints":{"allow":["GET"]}}],"collection":[{"href":"https:\/\/cultura.sma.gob.ar\/index.php?rest_route=\/wp\/v2\/posts"}],"about":[{"href":"https:\/\/cultura.sma.gob.ar\/index.php?rest_route=\/wp\/v2\/types\/post"}],"author":[{"embeddable":true,"href":"https:\/\/cultura.sma.gob.ar\/index.php?rest_route=\/wp\/v2\/users\/1"}],"replies":[{"embeddable":true,"href":"https:\/\/cultura.sma.gob.ar\/index.php?rest_route=%2Fwp%2Fv2%2Fcomments&post=2740"}],"version-history":[{"count":1,"href":"https:\/\/cultura.sma.gob.ar\/index.php?rest_route=\/wp\/v2\/posts\/2740\/revisions"}],"predecessor-version":[{"id":2743,"href":"https:\/\/cultura.sma.gob.ar\/index.php?rest_route=\/wp\/v2\/posts\/2740\/revisions\/2743"}],"wp:featuredmedia":[{"embeddable":true,"href":"https:\/\/cultura.sma.gob.ar\/index.php?rest_route=\/wp\/v2\/media\/295"}],"wp:attachment":[{"href":"https:\/\/cultura.sma.gob.ar\/index.php?rest_route=%2Fwp%2Fv2%2Fmedia&parent=2740"}],"wp:term":[{"taxonomy":"category","embeddable":true,"href":"https:\/\/cultura.sma.gob.ar\/index.php?rest_route=%2Fwp%2Fv2%2Fcategories&post=2740"},{"taxonomy":"post_tag","embeddable":true,"href":"https:\/\/cultura.sma.gob.ar\/index.php?rest_route=%2Fwp%2Fv2%2Ftags&post=2740"}],"curies":[{"name":"wp","href":"https:\/\/api.w.org\/{rel}","templated":true}]}}