{"id":2737,"date":"2021-11-29T08:57:23","date_gmt":"2021-11-29T11:57:23","guid":{"rendered":"http:\/\/cultura.sma.gob.ar\/?p=2737"},"modified":"2021-11-29T08:57:23","modified_gmt":"2021-11-29T11:57:23","slug":"clerico-titeres-para-adultos-cierra-el-programa-teatro-san-jose-presenta-de-este-ano","status":"publish","type":"post","link":"https:\/\/cultura.sma.gob.ar\/?p=2737","title":{"rendered":"\u201cCleric\u00f3: t\u00edteres para adultos\u201d cierra el programa Teatro San Jos\u00e9 Presenta de este a\u00f1o"},"content":{"rendered":"\n<figure class=\"wp-block-image size-large\"><img loading=\"lazy\" decoding=\"async\" width=\"1024\" height=\"1024\" src=\"http:\/\/cultura.sma.gob.ar\/wp-content\/uploads\/2021\/11\/redes-01-2-1024x1024.jpg\" alt=\"\" class=\"wp-image-2738\" srcset=\"https:\/\/cultura.sma.gob.ar\/wp-content\/uploads\/2021\/11\/redes-01-2-1024x1024.jpg 1024w, https:\/\/cultura.sma.gob.ar\/wp-content\/uploads\/2021\/11\/redes-01-2-300x300.jpg 300w, https:\/\/cultura.sma.gob.ar\/wp-content\/uploads\/2021\/11\/redes-01-2-150x150.jpg 150w, https:\/\/cultura.sma.gob.ar\/wp-content\/uploads\/2021\/11\/redes-01-2-768x768.jpg 768w, https:\/\/cultura.sma.gob.ar\/wp-content\/uploads\/2021\/11\/redes-01-2-1536x1536.jpg 1536w, https:\/\/cultura.sma.gob.ar\/wp-content\/uploads\/2021\/11\/redes-01-2-90x90.jpg 90w, https:\/\/cultura.sma.gob.ar\/wp-content\/uploads\/2021\/11\/redes-01-2.jpg 1875w\" sizes=\"auto, (max-width: 1024px) 100vw, 1024px\" \/><\/figure>\n\n\n\n<p>Este pr\u00f3ximo <strong>viernes 3 y s\u00e1bado 4 de diciembre<\/strong>, el programa teatro San Jos\u00e9 Presenta cierra su ciclo de espect\u00e1culos con la propuesta de \u201c<strong>Cleric\u00f3: t\u00edteres para adultos<\/strong>\u201d. Con dos funciones a las <strong>21 hs<\/strong>, el show se compone de cinco piezas diversas, de diferentes autores, que llevan a cuestas la humanidad de los t\u00edteres.<\/p>\n\n\n\n<p>El espect\u00e1culo, producido por el grupo \u201cLa pelela T\u00edteres\u201d y dirigido por Daniel Aguirre, presentar\u00e1 las piezas: \u201cLa cita\u201d (pantomima), \u201cPancho Coraje\u201d (t\u00edteres de guante), \u201cLa abuela\u201d (t\u00edtere de varilla), \u201cLa Parca\u201d (t\u00edtere de varilla), \u201cEl Mono Pena\u201d (boca y varilla)&#8221;. Seg\u00fan explica su creador, es una &#8220;Obra para adultos, despojado de todo recurso t\u00e9cnico. Solo t\u00edteres de guante, varilla y actor sirven para transmitir la esencia b\u00e1sica del teatro de t\u00edteres.<\/p>\n\n\n\n<p>Las entradas ya se encuentran a la venta a partir de hoy, en la boleter\u00eda del teatro San Jos\u00e9, en el horario de 9 a 21hs. Las mismas cuentan con un precio promocional de $100, como parte de este programa de acceso y promoci\u00f3n de las artes esc\u00e9nicas.<\/p>\n","protected":false},"excerpt":{"rendered":"<p>Viernes 3 y s\u00e1bado 4 a las 21hs, con entradas a la venta en la boleter\u00eda del teatro. <a href=\"https:\/\/cultura.sma.gob.ar\/?p=2737\" class=\"more-link\">Continue reading <span class=\"screen-reader-text\">\u201cCleric\u00f3: t\u00edteres para adultos\u201d cierra el programa Teatro San Jos\u00e9 Presenta de este a\u00f1o<\/span><\/a><\/p>\n","protected":false},"author":1,"featured_media":292,"comment_status":"closed","ping_status":"","sticky":false,"template":"","format":"image","meta":{"footnotes":""},"categories":[8,9],"tags":[],"class_list":["post-2737","post","type-post","status-publish","format-image","has-post-thumbnail","hentry","category-teatro-san-jose","category-ultimas-noticias","post_format-post-format-image"],"_links":{"self":[{"href":"https:\/\/cultura.sma.gob.ar\/index.php?rest_route=\/wp\/v2\/posts\/2737","targetHints":{"allow":["GET"]}}],"collection":[{"href":"https:\/\/cultura.sma.gob.ar\/index.php?rest_route=\/wp\/v2\/posts"}],"about":[{"href":"https:\/\/cultura.sma.gob.ar\/index.php?rest_route=\/wp\/v2\/types\/post"}],"author":[{"embeddable":true,"href":"https:\/\/cultura.sma.gob.ar\/index.php?rest_route=\/wp\/v2\/users\/1"}],"replies":[{"embeddable":true,"href":"https:\/\/cultura.sma.gob.ar\/index.php?rest_route=%2Fwp%2Fv2%2Fcomments&post=2737"}],"version-history":[{"count":1,"href":"https:\/\/cultura.sma.gob.ar\/index.php?rest_route=\/wp\/v2\/posts\/2737\/revisions"}],"predecessor-version":[{"id":2739,"href":"https:\/\/cultura.sma.gob.ar\/index.php?rest_route=\/wp\/v2\/posts\/2737\/revisions\/2739"}],"wp:featuredmedia":[{"embeddable":true,"href":"https:\/\/cultura.sma.gob.ar\/index.php?rest_route=\/wp\/v2\/media\/292"}],"wp:attachment":[{"href":"https:\/\/cultura.sma.gob.ar\/index.php?rest_route=%2Fwp%2Fv2%2Fmedia&parent=2737"}],"wp:term":[{"taxonomy":"category","embeddable":true,"href":"https:\/\/cultura.sma.gob.ar\/index.php?rest_route=%2Fwp%2Fv2%2Fcategories&post=2737"},{"taxonomy":"post_tag","embeddable":true,"href":"https:\/\/cultura.sma.gob.ar\/index.php?rest_route=%2Fwp%2Fv2%2Ftags&post=2737"}],"curies":[{"name":"wp","href":"https:\/\/api.w.org\/{rel}","templated":true}]}}