{"id":2732,"date":"2021-11-26T08:39:58","date_gmt":"2021-11-26T11:39:58","guid":{"rendered":"http:\/\/cultura.sma.gob.ar\/?p=2732"},"modified":"2021-11-26T08:39:58","modified_gmt":"2021-11-26T11:39:58","slug":"los-talleres-de-las-estaciones-culturales-cierran-el-ano-con-espectaculos","status":"publish","type":"post","link":"https:\/\/cultura.sma.gob.ar\/?p=2732","title":{"rendered":"Los talleres de las Estaciones Culturales cierran el a\u00f1o con espect\u00e1culos"},"content":{"rendered":"\n<figure class=\"wp-block-image size-large\"><img loading=\"lazy\" decoding=\"async\" width=\"1024\" height=\"1024\" src=\"http:\/\/cultura.sma.gob.ar\/wp-content\/uploads\/2021\/11\/programa-reencuentro-18-1024x1024.jpg\" alt=\"\" class=\"wp-image-2733\" srcset=\"https:\/\/cultura.sma.gob.ar\/wp-content\/uploads\/2021\/11\/programa-reencuentro-18-1024x1024.jpg 1024w, https:\/\/cultura.sma.gob.ar\/wp-content\/uploads\/2021\/11\/programa-reencuentro-18-300x300.jpg 300w, https:\/\/cultura.sma.gob.ar\/wp-content\/uploads\/2021\/11\/programa-reencuentro-18-150x150.jpg 150w, https:\/\/cultura.sma.gob.ar\/wp-content\/uploads\/2021\/11\/programa-reencuentro-18-768x768.jpg 768w, https:\/\/cultura.sma.gob.ar\/wp-content\/uploads\/2021\/11\/programa-reencuentro-18-90x90.jpg 90w, https:\/\/cultura.sma.gob.ar\/wp-content\/uploads\/2021\/11\/programa-reencuentro-18.jpg 1250w\" sizes=\"auto, (max-width: 1024px) 100vw, 1024px\" \/><\/figure>\n\n\n\n<p>Desde el s\u00e1bado 27 y hasta el s\u00e1bado 4 de diciembre se realizar\u00e1n distintos espect\u00e1culos gratuitos de circo y t\u00edteres, destinados a toda la familia, en las Estaciones culturales de Vega Centro, Cantera, Arenal, Chacra 4 y Nuestros Amigos.<\/p>\n\n\n\n<p>Los espect\u00e1culos estar\u00e1n a cargo de las compa\u00f1\u00edas Terr\u00e1quea T\u00edteres, Grupo Piltrafa, La Pelela T\u00edteres y Cristal. Para poder disfrutar de estas propuestas, las familias pueden acercarse a la estaci\u00f3n correspondiente o contactar a las promotoras culturales.<\/p>\n","protected":false},"excerpt":{"rendered":"<p>Circo y t\u00edteres para toda la familia. <a href=\"https:\/\/cultura.sma.gob.ar\/?p=2732\" class=\"more-link\">Continue reading <span class=\"screen-reader-text\">Los talleres de las Estaciones Culturales cierran el a\u00f1o con espect\u00e1culos<\/span><\/a><\/p>\n","protected":false},"author":1,"featured_media":293,"comment_status":"closed","ping_status":"","sticky":false,"template":"","format":"image","meta":{"footnotes":""},"categories":[7,9],"tags":[],"class_list":["post-2732","post","type-post","status-publish","format-image","has-post-thumbnail","hentry","category-talleres-cultura","category-ultimas-noticias","post_format-post-format-image"],"_links":{"self":[{"href":"https:\/\/cultura.sma.gob.ar\/index.php?rest_route=\/wp\/v2\/posts\/2732","targetHints":{"allow":["GET"]}}],"collection":[{"href":"https:\/\/cultura.sma.gob.ar\/index.php?rest_route=\/wp\/v2\/posts"}],"about":[{"href":"https:\/\/cultura.sma.gob.ar\/index.php?rest_route=\/wp\/v2\/types\/post"}],"author":[{"embeddable":true,"href":"https:\/\/cultura.sma.gob.ar\/index.php?rest_route=\/wp\/v2\/users\/1"}],"replies":[{"embeddable":true,"href":"https:\/\/cultura.sma.gob.ar\/index.php?rest_route=%2Fwp%2Fv2%2Fcomments&post=2732"}],"version-history":[{"count":1,"href":"https:\/\/cultura.sma.gob.ar\/index.php?rest_route=\/wp\/v2\/posts\/2732\/revisions"}],"predecessor-version":[{"id":2734,"href":"https:\/\/cultura.sma.gob.ar\/index.php?rest_route=\/wp\/v2\/posts\/2732\/revisions\/2734"}],"wp:featuredmedia":[{"embeddable":true,"href":"https:\/\/cultura.sma.gob.ar\/index.php?rest_route=\/wp\/v2\/media\/293"}],"wp:attachment":[{"href":"https:\/\/cultura.sma.gob.ar\/index.php?rest_route=%2Fwp%2Fv2%2Fmedia&parent=2732"}],"wp:term":[{"taxonomy":"category","embeddable":true,"href":"https:\/\/cultura.sma.gob.ar\/index.php?rest_route=%2Fwp%2Fv2%2Fcategories&post=2732"},{"taxonomy":"post_tag","embeddable":true,"href":"https:\/\/cultura.sma.gob.ar\/index.php?rest_route=%2Fwp%2Fv2%2Ftags&post=2732"}],"curies":[{"name":"wp","href":"https:\/\/api.w.org\/{rel}","templated":true}]}}