{"id":2715,"date":"2021-11-16T08:47:40","date_gmt":"2021-11-16T11:47:40","guid":{"rendered":"http:\/\/cultura.sma.gob.ar\/?p=2715"},"modified":"2021-11-16T08:47:40","modified_gmt":"2021-11-16T11:47:40","slug":"nodos-mica-llega-a-san-martin-de-los-andes-con-un-importante-evento-gratuito","status":"publish","type":"post","link":"https:\/\/cultura.sma.gob.ar\/?p=2715","title":{"rendered":"Nodos Mica llega a San Mart\u00edn de los Andes con un importante evento gratuito"},"content":{"rendered":"\n<figure class=\"wp-block-image size-large\"><img loading=\"lazy\" decoding=\"async\" width=\"1025\" height=\"513\" src=\"http:\/\/cultura.sma.gob.ar\/wp-content\/uploads\/2021\/11\/nodos-san-martin-tw.png\" alt=\"\" class=\"wp-image-2716\" srcset=\"https:\/\/cultura.sma.gob.ar\/wp-content\/uploads\/2021\/11\/nodos-san-martin-tw.png 1025w, https:\/\/cultura.sma.gob.ar\/wp-content\/uploads\/2021\/11\/nodos-san-martin-tw-300x150.png 300w, https:\/\/cultura.sma.gob.ar\/wp-content\/uploads\/2021\/11\/nodos-san-martin-tw-768x384.png 768w, https:\/\/cultura.sma.gob.ar\/wp-content\/uploads\/2021\/11\/nodos-san-martin-tw-180x90.png 180w\" sizes=\"auto, (max-width: 1025px) 100vw, 1025px\" \/><\/figure>\n\n\n\n<p>La Secretar\u00eda de Cultura informa la llegada del programa Nodos MICA a San Mart\u00edn de los Andes, una gran oportunidad para el sector de las industrias culturales que contar\u00e1 con capacitaciones y espacios de vinculaci\u00f3n.<br><br>Nodos MICA es un programa del Ministerio de Cultura de la Naci\u00f3n que se desarrolla en el marco del Mercado de las Industrias Culturales Argentinas (MICA). Consiste en una serie de actividades y acciones que buscan promover, visibilizar y poner en valor a las industrias culturales regionales, federalizado y descentralizando los alcances del MICA y convirti\u00e9ndolo, a su vez, en un mercado itinerante que se mueve y traslada por distintos puntos del pa\u00eds.<br>Se desarrollar\u00e1 en San Mart\u00edn de los Andes el 19 y 20 de noviembre, en el hotel Chapelco Ski, con entrada libre y gratuita, hasta completar la capacidad de la sala.<\/p>\n\n\n\n<figure class=\"wp-block-gallery columns-2 is-cropped wp-block-gallery-1 is-layout-flex wp-block-gallery-is-layout-flex\"><ul class=\"blocks-gallery-grid\"><li class=\"blocks-gallery-item\"><figure><img loading=\"lazy\" decoding=\"async\" width=\"1024\" height=\"1024\" src=\"http:\/\/cultura.sma.gob.ar\/wp-content\/uploads\/2021\/11\/9-1024x1024.png\" alt=\"\" data-id=\"2717\" data-full-url=\"http:\/\/cultura.sma.gob.ar\/wp-content\/uploads\/2021\/11\/9.png\" data-link=\"http:\/\/cultura.sma.gob.ar\/?attachment_id=2717\" class=\"wp-image-2717\" srcset=\"https:\/\/cultura.sma.gob.ar\/wp-content\/uploads\/2021\/11\/9-1024x1024.png 1024w, https:\/\/cultura.sma.gob.ar\/wp-content\/uploads\/2021\/11\/9-300x300.png 300w, https:\/\/cultura.sma.gob.ar\/wp-content\/uploads\/2021\/11\/9-150x150.png 150w, https:\/\/cultura.sma.gob.ar\/wp-content\/uploads\/2021\/11\/9-768x768.png 768w, https:\/\/cultura.sma.gob.ar\/wp-content\/uploads\/2021\/11\/9-90x90.png 90w, https:\/\/cultura.sma.gob.ar\/wp-content\/uploads\/2021\/11\/9.png 1080w\" sizes=\"auto, (max-width: 1024px) 100vw, 1024px\" \/><\/figure><\/li><li class=\"blocks-gallery-item\"><figure><img loading=\"lazy\" decoding=\"async\" width=\"1024\" height=\"1024\" src=\"http:\/\/cultura.sma.gob.ar\/wp-content\/uploads\/2021\/11\/8-1024x1024.png\" alt=\"\" data-id=\"2718\" data-full-url=\"http:\/\/cultura.sma.gob.ar\/wp-content\/uploads\/2021\/11\/8.png\" data-link=\"http:\/\/cultura.sma.gob.ar\/?attachment_id=2718\" class=\"wp-image-2718\" srcset=\"https:\/\/cultura.sma.gob.ar\/wp-content\/uploads\/2021\/11\/8-1024x1024.png 1024w, https:\/\/cultura.sma.gob.ar\/wp-content\/uploads\/2021\/11\/8-300x300.png 300w, https:\/\/cultura.sma.gob.ar\/wp-content\/uploads\/2021\/11\/8-150x150.png 150w, https:\/\/cultura.sma.gob.ar\/wp-content\/uploads\/2021\/11\/8-768x768.png 768w, https:\/\/cultura.sma.gob.ar\/wp-content\/uploads\/2021\/11\/8-90x90.png 90w, https:\/\/cultura.sma.gob.ar\/wp-content\/uploads\/2021\/11\/8.png 1080w\" sizes=\"auto, (max-width: 1024px) 100vw, 1024px\" \/><\/figure><\/li><\/ul><\/figure>\n\n\n\n<p><strong>PROGRAMA<\/strong><\/p>\n\n\n\n<p><strong>\ud835\udde9\ud835\uddf6\ud835\uddf2\ud835\uddff\ud835\uddfb\ud835\uddf2\ud835\ude00Viernes 19 \ud835\uddf1\ud835\uddf2 \ud835\uddfb\ud835\uddfc\ud835\ude03\ud835\uddf6\ud835\uddf2\ud835\uddfa\ud835\uddef\ud835\uddff\ud835\uddf2<\/strong><br>15:30 \ud835\uddf5\ud835\ude00 | \ud835\uddd4\ud835\udde3\ud835\uddd8\ud835\udde5\ud835\udde7\ud835\udde8\ud835\udde5\ud835\uddd4<br>Presentaci\u00f3n de actividades y del evento con autoridades del Ministerio de<br>Cultura de la Naci\u00f3n. Presentaci\u00f3n de la Plataforma digital MICA.<br>16 hs | Econom\u00eda creativa<br>MESA DE ECONOM\u00cdA CREATIVA<br>Las problem\u00e1ticas territoriales dentro del campo cultural. Herramientas y<br>estrategias para la implementaci\u00f3n de proyectos. Modelos exitosos y buenas<br>pr\u00e1cticas. A cargo de Ariela Peretti.<br>17 hs | Dise\u00f1o<br>SECTOR DISE\u00d1O<br>Charla a cargo de Romina Palma sobre planificaci\u00f3n y financiamiento para<br>emprendimiento de dise\u00f1o, haciendo \u00e9nfasis en dise\u00f1o sustentable.<br>18 hs | Editorial<br>ESCRITURA Y CREATIVIDAD<br>Charla con Pedro Saborido junto a referentes de editoriales independientes<br>locales.<\/p>\n\n\n\n<p><strong>\ud835\udde6S\u00e1bado\ud835\uddfc 20 \ud835\uddf1\ud835\uddf2 \ud835\udde1\ud835\uddfc\ud835\ude03\ud835\uddf6\ud835\uddf2\ud835\uddfa\ud835\uddef\ud835\uddff\ud835\uddf2<\/strong><br>14 hs | Artes visuales<br>LAS ARTES VISUALES Y SUS ESPACIOS DE EXHIBICI\u00d3N<br>Charla a cargo de Alejandro D\u00e1vila.<br>15 hs | M\u00fasica<br>IDEAS EN MOVIMIENTO<br>Charla sobre producci\u00f3n y creatividad musical con Marcelo Gillespi.<br>16:30 hs | Artes Esc\u00e9nicas<br>LA PRODUCCI\u00d3N TEATRAL ACTUAL<br>Charla a cargo de Guillermo Cacace.<br>19:00 hs | CIERRE DE ACTIVIDAD<br>Espect\u00e1culo musical en vivo.<br>19:30 hs Banda local.<br>20:30 hs Hilda Lizarazu.<\/p>\n","protected":false},"excerpt":{"rendered":"<p>Viernes 19 y s\u00e1bado 20 en el hotel Chapelco ski. <a href=\"https:\/\/cultura.sma.gob.ar\/?p=2715\" class=\"more-link\">Continue reading <span class=\"screen-reader-text\">Nodos Mica llega a San Mart\u00edn de los Andes con un importante evento gratuito<\/span><\/a><\/p>\n","protected":false},"author":1,"featured_media":297,"comment_status":"closed","ping_status":"","sticky":false,"template":"","format":"image","meta":{"footnotes":""},"categories":[2,3],"tags":[],"class_list":["post-2715","post","type-post","status-publish","format-image","has-post-thumbnail","hentry","category-ciudad-cultural","category-eventos-cultura","post_format-post-format-image"],"_links":{"self":[{"href":"https:\/\/cultura.sma.gob.ar\/index.php?rest_route=\/wp\/v2\/posts\/2715","targetHints":{"allow":["GET"]}}],"collection":[{"href":"https:\/\/cultura.sma.gob.ar\/index.php?rest_route=\/wp\/v2\/posts"}],"about":[{"href":"https:\/\/cultura.sma.gob.ar\/index.php?rest_route=\/wp\/v2\/types\/post"}],"author":[{"embeddable":true,"href":"https:\/\/cultura.sma.gob.ar\/index.php?rest_route=\/wp\/v2\/users\/1"}],"replies":[{"embeddable":true,"href":"https:\/\/cultura.sma.gob.ar\/index.php?rest_route=%2Fwp%2Fv2%2Fcomments&post=2715"}],"version-history":[{"count":1,"href":"https:\/\/cultura.sma.gob.ar\/index.php?rest_route=\/wp\/v2\/posts\/2715\/revisions"}],"predecessor-version":[{"id":2719,"href":"https:\/\/cultura.sma.gob.ar\/index.php?rest_route=\/wp\/v2\/posts\/2715\/revisions\/2719"}],"wp:featuredmedia":[{"embeddable":true,"href":"https:\/\/cultura.sma.gob.ar\/index.php?rest_route=\/wp\/v2\/media\/297"}],"wp:attachment":[{"href":"https:\/\/cultura.sma.gob.ar\/index.php?rest_route=%2Fwp%2Fv2%2Fmedia&parent=2715"}],"wp:term":[{"taxonomy":"category","embeddable":true,"href":"https:\/\/cultura.sma.gob.ar\/index.php?rest_route=%2Fwp%2Fv2%2Fcategories&post=2715"},{"taxonomy":"post_tag","embeddable":true,"href":"https:\/\/cultura.sma.gob.ar\/index.php?rest_route=%2Fwp%2Fv2%2Ftags&post=2715"}],"curies":[{"name":"wp","href":"https:\/\/api.w.org\/{rel}","templated":true}]}}