{"id":2710,"date":"2021-11-15T10:18:40","date_gmt":"2021-11-15T13:18:40","guid":{"rendered":"http:\/\/cultura.sma.gob.ar\/?p=2710"},"modified":"2021-11-19T08:51:34","modified_gmt":"2021-11-19T11:51:34","slug":"se-viene-el-8-festival-de-circo","status":"publish","type":"post","link":"https:\/\/cultura.sma.gob.ar\/?p=2710","title":{"rendered":"Se viene el 8\u00b0 Festival de Circo"},"content":{"rendered":"\n<figure class=\"wp-block-image size-large\"><img loading=\"lazy\" decoding=\"async\" width=\"744\" height=\"1024\" src=\"http:\/\/cultura.sma.gob.ar\/wp-content\/uploads\/2021\/11\/FLYER-744x1024.jpg\" alt=\"\" class=\"wp-image-2711\" srcset=\"https:\/\/cultura.sma.gob.ar\/wp-content\/uploads\/2021\/11\/FLYER-744x1024.jpg 744w, https:\/\/cultura.sma.gob.ar\/wp-content\/uploads\/2021\/11\/FLYER-218x300.jpg 218w, https:\/\/cultura.sma.gob.ar\/wp-content\/uploads\/2021\/11\/FLYER-768x1057.jpg 768w, https:\/\/cultura.sma.gob.ar\/wp-content\/uploads\/2021\/11\/FLYER-65x90.jpg 65w, https:\/\/cultura.sma.gob.ar\/wp-content\/uploads\/2021\/11\/FLYER.jpg 833w\" sizes=\"auto, (max-width: 744px) 100vw, 744px\" \/><\/figure>\n\n\n\n<p>Desde la Secretaria de Cultura invitamos a toda la comunidad a participar del 8\u00b0 Festival de Circo de San Mart\u00edn de los Andes, que se llevar\u00e1 a cabo entre el 24 y el 28 de noviembre pr\u00f3ximos y que incluir\u00e1 la participaci\u00f3n de compa\u00f1\u00edas circenses de C\u00f3rdoba, Buenos Aires, Neuqu\u00e9n y nuestra localidad.<\/p>\n\n\n\n<p>Este Festival de Circo 2021 volver\u00e1 a realizarse en la carpa circense que se ubica en la esquina de Roca y Drury, recuperando su formato tradicional, con funciones gratuitas para todas las escuelas y jardines, y las cl\u00e1sicas Noches de Gala. Estas \u00faltimas son funciones para toda la familia, que se realizar\u00e1n las noches del s\u00e1bado 27 y domingo 28 con la presentaci\u00f3n en escena de las diez compa\u00f1\u00edas invitadas.<\/p>\n\n\n\n<p>El Festival incluir\u00e1 tambi\u00e9n talleres gratuitos para principiantes y nivel intermedio, sobre magia, trapecio, verticales y monociclo, y dos capacitaciones especiales \u201cpara avanzados\u201d: una de trapecio de vuelo y otra de contorsi\u00f3n y ula ula. El programa se completa con una funci\u00f3n callejera, con formato variet\u00e9, que se ofrecer\u00e1 en la plaza San Mart\u00edn.<\/p>\n\n\n\n<p><strong>Las entradas para las noches de gala, que ser\u00e1n bonos contribuci\u00f3n con un valor de $100, se podr\u00e1n adquirir en el teatro San Jos\u00e9 a partir del martes 23 y hasta el viernes 26, de 9 a 21hs. El s\u00e1bado 27 y domingo 28 se podr\u00e1n adquiriren la carpa circense desde las 19hs. <\/strong><\/p>\n\n\n\n<p>A continuaci\u00f3n se detalla el programa de actividades:<\/p>\n\n\n\n<p><strong>Mi\u00e9rcoles 24 de noviembre<\/strong><\/p>\n\n\n\n<p>9:30 hs. Funci\u00f3n gratuita para escuelas.<\/p>\n\n\n\n<p>11:00 hs. Funci\u00f3n gratuita para escuelas.<\/p>\n\n\n\n<p>14:30 hs. Funci\u00f3n gratuita para escuelas.<\/p>\n\n\n\n<p>16:00 hs. Funci\u00f3n gratuita para escuelas.<\/p>\n\n\n\n<p><strong>Jueves 25 de noviembre<\/strong><\/p>\n\n\n\n<p>9:30 hs. Funci\u00f3n gratuita para escuelas.<\/p>\n\n\n\n<p>11:00 hs. Funci\u00f3n gratuita para escuelas.<\/p>\n\n\n\n<p>14:30 hs. Funci\u00f3n gratuita para escuelas.<\/p>\n\n\n\n<p>16:00 hs. Funci\u00f3n gratuita para escuelas.<\/p>\n\n\n\n<p><strong>Viernes 26 de noviembre<\/strong><\/p>\n\n\n\n<p>9:30 hs. Funci\u00f3n gratuita para escuelas.<\/p>\n\n\n\n<p>11:00 hs. Funci\u00f3n gratuita para escuelas.<\/p>\n\n\n\n<p>14:30 hs. Funci\u00f3n gratuita para escuelas.<\/p>\n\n\n\n<p>16:00 hs. Funci\u00f3n gratuita para escuelas.<\/p>\n\n\n\n<p>18:00 hs. Funci\u00f3n callejera \u201cvariet\u00e9\u201d (en plaza San Mart\u00edn).<\/p>\n\n\n\n<p><strong>S\u00e1bado 27 de noviembre<\/strong><\/p>\n\n\n\n<p>11:00 hs. Capacitaci\u00f3n de \u201ctrapecio a vuelo\u201d (para avanzados).*<\/p>\n\n\n\n<p>14:00 hs. Taller de \u201cverticales\u201d (para principiantes y nivel intermedio).*<\/p>\n\n\n\n<p>16:00 hs. Taller de \u201cmonociclo\u201d (para principiantes y nivel intermedio).*<\/p>\n\n\n\n<p>16:00 hs. Capacitaci\u00f3n de \u201ccontorsi\u00f3n y ula ula\u201d (para avanzados).*<\/p>\n\n\n\n<p>21:00 hs. Noche de Gala (bonos contribuci\u00f3n a la venta en Teatro San Jos\u00e9).<\/p>\n\n\n\n<p><strong>Domingo 28 de noviembre<\/strong><\/p>\n\n\n\n<p>11:00 hs. Capacitaci\u00f3n de \u201ctrapecio a vuelo\u201d (para avanzados), 2da parte.*<\/p>\n\n\n\n<p>14:00 hs. Taller de \u201ctrapecio\u201d (para principiantes y nivel intermedio).*<\/p>\n\n\n\n<p>16:00 hs. Taller de \u201cmagia\u201d (para principiantes y nivel intermedio).*<\/p>\n\n\n\n<p>21:00 hs. Noche de Gala (bonos contribuci\u00f3n a la venta desde el lunes 22 de noviembre, en el Teatro San Jos\u00e9, de 9 a 19 hs).<\/p>\n\n\n\n<p>* &nbsp;Los talleres y las capacitaciones tienen cupos limitados. Reservar lugar en el 424804, de lunes a viernes, entre las 8:00 y las 15:00.<\/p>\n","protected":false},"excerpt":{"rendered":"<p>Del 24 al 28 de noviembre. <a href=\"https:\/\/cultura.sma.gob.ar\/?p=2710\" class=\"more-link\">Continue reading <span class=\"screen-reader-text\">Se viene el 8\u00b0 Festival de Circo<\/span><\/a><\/p>\n","protected":false},"author":1,"featured_media":296,"comment_status":"closed","ping_status":"","sticky":false,"template":"","format":"image","meta":{"footnotes":""},"categories":[3],"tags":[],"class_list":["post-2710","post","type-post","status-publish","format-image","has-post-thumbnail","hentry","category-eventos-cultura","post_format-post-format-image"],"_links":{"self":[{"href":"https:\/\/cultura.sma.gob.ar\/index.php?rest_route=\/wp\/v2\/posts\/2710","targetHints":{"allow":["GET"]}}],"collection":[{"href":"https:\/\/cultura.sma.gob.ar\/index.php?rest_route=\/wp\/v2\/posts"}],"about":[{"href":"https:\/\/cultura.sma.gob.ar\/index.php?rest_route=\/wp\/v2\/types\/post"}],"author":[{"embeddable":true,"href":"https:\/\/cultura.sma.gob.ar\/index.php?rest_route=\/wp\/v2\/users\/1"}],"replies":[{"embeddable":true,"href":"https:\/\/cultura.sma.gob.ar\/index.php?rest_route=%2Fwp%2Fv2%2Fcomments&post=2710"}],"version-history":[{"count":2,"href":"https:\/\/cultura.sma.gob.ar\/index.php?rest_route=\/wp\/v2\/posts\/2710\/revisions"}],"predecessor-version":[{"id":2723,"href":"https:\/\/cultura.sma.gob.ar\/index.php?rest_route=\/wp\/v2\/posts\/2710\/revisions\/2723"}],"wp:featuredmedia":[{"embeddable":true,"href":"https:\/\/cultura.sma.gob.ar\/index.php?rest_route=\/wp\/v2\/media\/296"}],"wp:attachment":[{"href":"https:\/\/cultura.sma.gob.ar\/index.php?rest_route=%2Fwp%2Fv2%2Fmedia&parent=2710"}],"wp:term":[{"taxonomy":"category","embeddable":true,"href":"https:\/\/cultura.sma.gob.ar\/index.php?rest_route=%2Fwp%2Fv2%2Fcategories&post=2710"},{"taxonomy":"post_tag","embeddable":true,"href":"https:\/\/cultura.sma.gob.ar\/index.php?rest_route=%2Fwp%2Fv2%2Ftags&post=2710"}],"curies":[{"name":"wp","href":"https:\/\/api.w.org\/{rel}","templated":true}]}}