{"id":2703,"date":"2021-11-12T08:45:59","date_gmt":"2021-11-12T11:45:59","guid":{"rendered":"http:\/\/cultura.sma.gob.ar\/?p=2703"},"modified":"2021-11-12T08:45:59","modified_gmt":"2021-11-12T11:45:59","slug":"para-que-nueva-propuesta-teatral-en-el-san-jose","status":"publish","type":"post","link":"https:\/\/cultura.sma.gob.ar\/?p=2703","title":{"rendered":"&#8220;\u00bfPara qu\u00e9?&#8221;: nueva propuesta teatral en el San Jos\u00e9"},"content":{"rendered":"\n<figure class=\"wp-block-image size-large\"><img loading=\"lazy\" decoding=\"async\" width=\"1024\" height=\"1024\" src=\"http:\/\/cultura.sma.gob.ar\/wp-content\/uploads\/2021\/11\/redes-01-1-1024x1024.jpg\" alt=\"\" class=\"wp-image-2704\" srcset=\"https:\/\/cultura.sma.gob.ar\/wp-content\/uploads\/2021\/11\/redes-01-1-1024x1024.jpg 1024w, https:\/\/cultura.sma.gob.ar\/wp-content\/uploads\/2021\/11\/redes-01-1-300x300.jpg 300w, https:\/\/cultura.sma.gob.ar\/wp-content\/uploads\/2021\/11\/redes-01-1-150x150.jpg 150w, https:\/\/cultura.sma.gob.ar\/wp-content\/uploads\/2021\/11\/redes-01-1-768x768.jpg 768w, https:\/\/cultura.sma.gob.ar\/wp-content\/uploads\/2021\/11\/redes-01-1-1536x1536.jpg 1536w, https:\/\/cultura.sma.gob.ar\/wp-content\/uploads\/2021\/11\/redes-01-1-90x90.jpg 90w, https:\/\/cultura.sma.gob.ar\/wp-content\/uploads\/2021\/11\/redes-01-1.jpg 1875w\" sizes=\"auto, (max-width: 1024px) 100vw, 1024px\" \/><\/figure>\n\n\n\n<p>El pr\u00f3ximo viernes 19 y s\u00e1bado 20 de noviembre, a las 21hs, el Teatro San Jos\u00e9 Presenta una nueva producci\u00f3n teatral: \u201c\u00bfPara Que?\u201d. Las entradas cuentan con valor promocional y se adquieren en la boleter\u00eda del teatro.<\/p>\n\n\n\n<p>\u201c\u00bfPara que?\u201d es una obra de teatro documental, donde el protagonista directo de la historia hace un recorrido por su vida. Poniendo en valor sus vivencias y vicisitudes. Desde su nacimiento, en una familia de trabajadores con movilidad social ascendente, teniendo que adaptarse a expectativas que no eran las suyas, &nbsp;hasta &nbsp;encontrar lo que realmente quer\u00eda. Cuestion\u00e1ndose permanentemente su hacer, invita al espectador a acompa\u00f1arlo en este recorrido de an\u00e9cdotas, como en un espejo. Valorando &nbsp;que cada vida tiene sus propias particularidades. donde el encanto de contarla &nbsp;est\u00e1, en como la miremos y tambi\u00e9n como la contamos.<\/p>\n","protected":false},"excerpt":{"rendered":"<p>Viernes 19 y s\u00e1bado 20 de noviembre a las 21hs en el Teatro San Jos\u00e9 <a href=\"https:\/\/cultura.sma.gob.ar\/?p=2703\" class=\"more-link\">Continue reading <span class=\"screen-reader-text\">&#8220;\u00bfPara qu\u00e9?&#8221;: nueva propuesta teatral en el San Jos\u00e9<\/span><\/a><\/p>\n","protected":false},"author":1,"featured_media":292,"comment_status":"closed","ping_status":"","sticky":false,"template":"","format":"image","meta":{"footnotes":""},"categories":[8],"tags":[],"class_list":["post-2703","post","type-post","status-publish","format-image","has-post-thumbnail","hentry","category-teatro-san-jose","post_format-post-format-image"],"_links":{"self":[{"href":"https:\/\/cultura.sma.gob.ar\/index.php?rest_route=\/wp\/v2\/posts\/2703","targetHints":{"allow":["GET"]}}],"collection":[{"href":"https:\/\/cultura.sma.gob.ar\/index.php?rest_route=\/wp\/v2\/posts"}],"about":[{"href":"https:\/\/cultura.sma.gob.ar\/index.php?rest_route=\/wp\/v2\/types\/post"}],"author":[{"embeddable":true,"href":"https:\/\/cultura.sma.gob.ar\/index.php?rest_route=\/wp\/v2\/users\/1"}],"replies":[{"embeddable":true,"href":"https:\/\/cultura.sma.gob.ar\/index.php?rest_route=%2Fwp%2Fv2%2Fcomments&post=2703"}],"version-history":[{"count":1,"href":"https:\/\/cultura.sma.gob.ar\/index.php?rest_route=\/wp\/v2\/posts\/2703\/revisions"}],"predecessor-version":[{"id":2705,"href":"https:\/\/cultura.sma.gob.ar\/index.php?rest_route=\/wp\/v2\/posts\/2703\/revisions\/2705"}],"wp:featuredmedia":[{"embeddable":true,"href":"https:\/\/cultura.sma.gob.ar\/index.php?rest_route=\/wp\/v2\/media\/292"}],"wp:attachment":[{"href":"https:\/\/cultura.sma.gob.ar\/index.php?rest_route=%2Fwp%2Fv2%2Fmedia&parent=2703"}],"wp:term":[{"taxonomy":"category","embeddable":true,"href":"https:\/\/cultura.sma.gob.ar\/index.php?rest_route=%2Fwp%2Fv2%2Fcategories&post=2703"},{"taxonomy":"post_tag","embeddable":true,"href":"https:\/\/cultura.sma.gob.ar\/index.php?rest_route=%2Fwp%2Fv2%2Ftags&post=2703"}],"curies":[{"name":"wp","href":"https:\/\/api.w.org\/{rel}","templated":true}]}}