{"id":2694,"date":"2021-11-12T08:35:37","date_gmt":"2021-11-12T11:35:37","guid":{"rendered":"http:\/\/cultura.sma.gob.ar\/?p=2694"},"modified":"2021-11-12T08:35:37","modified_gmt":"2021-11-12T11:35:37","slug":"empiezan-las-muestras-de-fin-de-ano-del-taller-de-teatro-de-sandra-monteagudo","status":"publish","type":"post","link":"https:\/\/cultura.sma.gob.ar\/?p=2694","title":{"rendered":"Empiezan las muestras de fin de a\u00f1o del taller de teatro de Sandra Monteagudo"},"content":{"rendered":"\n<figure class=\"wp-block-image size-large\"><img loading=\"lazy\" decoding=\"async\" width=\"723\" height=\"1024\" src=\"http:\/\/cultura.sma.gob.ar\/wp-content\/uploads\/2021\/11\/Flyer-Muestras-Sandra-723x1024.jpg\" alt=\"\" class=\"wp-image-2695\" srcset=\"https:\/\/cultura.sma.gob.ar\/wp-content\/uploads\/2021\/11\/Flyer-Muestras-Sandra-723x1024.jpg 723w, https:\/\/cultura.sma.gob.ar\/wp-content\/uploads\/2021\/11\/Flyer-Muestras-Sandra-212x300.jpg 212w, https:\/\/cultura.sma.gob.ar\/wp-content\/uploads\/2021\/11\/Flyer-Muestras-Sandra-768x1087.jpg 768w, https:\/\/cultura.sma.gob.ar\/wp-content\/uploads\/2021\/11\/Flyer-Muestras-Sandra-64x90.jpg 64w, https:\/\/cultura.sma.gob.ar\/wp-content\/uploads\/2021\/11\/Flyer-Muestras-Sandra.jpg 904w\" sizes=\"auto, (max-width: 723px) 100vw, 723px\" \/><\/figure>\n\n\n\n<p>Este viernes, 12 de noviembre a las 21hs, llega la primera de las cinco Muestras de los Talleres de Teatro dictados por Sandra Monteagudo en nuestro querido Centro Cultural.<\/p>\n\n\n\n<p>Despu\u00e9s de un \u00e1rduo a\u00f1o de pandemia, con ida y vueltas, con restricciones, pero con muchas ganas de expresarse y manifestarse art\u00edsticamente, la Sala Amankay volver\u00e1 a brillar con las propuestas de los talleres teatrales.<\/p>\n\n\n\n<p>Viernes 12 a las 21hs, Grupo Adolescentes Mayores;<br>Martes 16 a las 19hs, Grupo Ni\u00f1os;<br>Mi\u00e9rcoles 17 a las 20:30hs, Grupo Adolescentes Menores;<br>Martes 23 a las 21:30hs, Grupo Adultos (de los Martes);<br>Mi\u00e9rcoles 24 a las 21:30hs, Grupo Adultos (de los Jueves);<\/p>\n\n\n\n<p>Entrada a la gorra.<\/p>\n","protected":false},"excerpt":{"rendered":"<p>Desde el 12 y hasta el 24 de noviembre en el Centro CUltural Cotesma. <a href=\"https:\/\/cultura.sma.gob.ar\/?p=2694\" class=\"more-link\">Continue reading <span class=\"screen-reader-text\">Empiezan las muestras de fin de a\u00f1o del taller de teatro de Sandra Monteagudo<\/span><\/a><\/p>\n","protected":false},"author":1,"featured_media":297,"comment_status":"closed","ping_status":"","sticky":false,"template":"","format":"image","meta":{"footnotes":""},"categories":[2],"tags":[],"class_list":["post-2694","post","type-post","status-publish","format-image","has-post-thumbnail","hentry","category-ciudad-cultural","post_format-post-format-image"],"_links":{"self":[{"href":"https:\/\/cultura.sma.gob.ar\/index.php?rest_route=\/wp\/v2\/posts\/2694","targetHints":{"allow":["GET"]}}],"collection":[{"href":"https:\/\/cultura.sma.gob.ar\/index.php?rest_route=\/wp\/v2\/posts"}],"about":[{"href":"https:\/\/cultura.sma.gob.ar\/index.php?rest_route=\/wp\/v2\/types\/post"}],"author":[{"embeddable":true,"href":"https:\/\/cultura.sma.gob.ar\/index.php?rest_route=\/wp\/v2\/users\/1"}],"replies":[{"embeddable":true,"href":"https:\/\/cultura.sma.gob.ar\/index.php?rest_route=%2Fwp%2Fv2%2Fcomments&post=2694"}],"version-history":[{"count":1,"href":"https:\/\/cultura.sma.gob.ar\/index.php?rest_route=\/wp\/v2\/posts\/2694\/revisions"}],"predecessor-version":[{"id":2696,"href":"https:\/\/cultura.sma.gob.ar\/index.php?rest_route=\/wp\/v2\/posts\/2694\/revisions\/2696"}],"wp:featuredmedia":[{"embeddable":true,"href":"https:\/\/cultura.sma.gob.ar\/index.php?rest_route=\/wp\/v2\/media\/297"}],"wp:attachment":[{"href":"https:\/\/cultura.sma.gob.ar\/index.php?rest_route=%2Fwp%2Fv2%2Fmedia&parent=2694"}],"wp:term":[{"taxonomy":"category","embeddable":true,"href":"https:\/\/cultura.sma.gob.ar\/index.php?rest_route=%2Fwp%2Fv2%2Fcategories&post=2694"},{"taxonomy":"post_tag","embeddable":true,"href":"https:\/\/cultura.sma.gob.ar\/index.php?rest_route=%2Fwp%2Fv2%2Ftags&post=2694"}],"curies":[{"name":"wp","href":"https:\/\/api.w.org\/{rel}","templated":true}]}}