{"id":2691,"date":"2021-11-12T08:30:40","date_gmt":"2021-11-12T11:30:40","guid":{"rendered":"http:\/\/cultura.sma.gob.ar\/?p=2691"},"modified":"2021-11-12T08:30:40","modified_gmt":"2021-11-12T11:30:40","slug":"festejosnuevo-show-musical-en-e-centro-cultural-cotesma","status":"publish","type":"post","link":"https:\/\/cultura.sma.gob.ar\/?p=2691","title":{"rendered":"&#8220;Festejos&#8221;:nuevo show musical en e Centro Cultural Cotesma"},"content":{"rendered":"\n<figure class=\"wp-block-image size-large\"><img loading=\"lazy\" decoding=\"async\" width=\"1024\" height=\"1024\" src=\"http:\/\/cultura.sma.gob.ar\/wp-content\/uploads\/2021\/11\/FesTejo-Flyer-1-1024x1024.jpg\" alt=\"\" class=\"wp-image-2692\" srcset=\"https:\/\/cultura.sma.gob.ar\/wp-content\/uploads\/2021\/11\/FesTejo-Flyer-1-1024x1024.jpg 1024w, https:\/\/cultura.sma.gob.ar\/wp-content\/uploads\/2021\/11\/FesTejo-Flyer-1-300x300.jpg 300w, https:\/\/cultura.sma.gob.ar\/wp-content\/uploads\/2021\/11\/FesTejo-Flyer-1-150x150.jpg 150w, https:\/\/cultura.sma.gob.ar\/wp-content\/uploads\/2021\/11\/FesTejo-Flyer-1-768x767.jpg 768w, https:\/\/cultura.sma.gob.ar\/wp-content\/uploads\/2021\/11\/FesTejo-Flyer-1-90x90.jpg 90w, https:\/\/cultura.sma.gob.ar\/wp-content\/uploads\/2021\/11\/FesTejo-Flyer-1.jpg 1280w\" sizes=\"auto, (max-width: 1024px) 100vw, 1024px\" \/><\/figure>\n\n\n\n<p>El pr\u00f3ximo s\u00e1bado 20 de noviembre a las 21hs en nuestra querida la Sala Amankay, volvemos a compartir otra imperdible noche musical con \u201cFesTejo\u201d.<br><br>M\u00fasicas de ra\u00edz latinoamericana, danzas y relatos entraman historias payasas y no tanto.<\/p>\n\n\n\n<p>Melisa Galluzzo \u2022 guitarra, voz y composici\u00f3n;<br>Valeria Covre \u2022 flauta traversa, bajo y voz;<br>Mariela Lobato \u2022 acorde\u00f3n, voces y composici\u00f3n;<br>Laura Regueira \u2022 percusi\u00f3n<\/p>\n\n\n\n<p>ArtisTas Invitadas:<br>Maria Luz Ferreyra y Claudia Lauscher;<br>Cantautoras en Vuelo (Ayel\u00e9n Martinez, Roc\u00edo Ricaurte, Lucila M\u00e1rsico);<br>Carol Nicolaus y Camila Magneres<\/p>\n\n\n\n<p>Ilustraci\u00f3n: Laura Regueira @lau.reguei<br>Dise\u00f1o de Flyer: @tintal.arteimpreso<\/p>\n\n\n\n<p>Entradas en venta en la boleter\u00eda del Centro Cultural Cotesma.<br>Anticipadas: $400.- En Puerta: $500<\/p>\n","protected":false},"excerpt":{"rendered":"<p>S\u00e1bado 20 a las 21hs <a href=\"https:\/\/cultura.sma.gob.ar\/?p=2691\" class=\"more-link\">Continue reading <span class=\"screen-reader-text\">&#8220;Festejos&#8221;:nuevo show musical en e Centro Cultural Cotesma<\/span><\/a><\/p>\n","protected":false},"author":1,"featured_media":297,"comment_status":"closed","ping_status":"","sticky":false,"template":"","format":"image","meta":{"footnotes":""},"categories":[2],"tags":[],"class_list":["post-2691","post","type-post","status-publish","format-image","has-post-thumbnail","hentry","category-ciudad-cultural","post_format-post-format-image"],"_links":{"self":[{"href":"https:\/\/cultura.sma.gob.ar\/index.php?rest_route=\/wp\/v2\/posts\/2691","targetHints":{"allow":["GET"]}}],"collection":[{"href":"https:\/\/cultura.sma.gob.ar\/index.php?rest_route=\/wp\/v2\/posts"}],"about":[{"href":"https:\/\/cultura.sma.gob.ar\/index.php?rest_route=\/wp\/v2\/types\/post"}],"author":[{"embeddable":true,"href":"https:\/\/cultura.sma.gob.ar\/index.php?rest_route=\/wp\/v2\/users\/1"}],"replies":[{"embeddable":true,"href":"https:\/\/cultura.sma.gob.ar\/index.php?rest_route=%2Fwp%2Fv2%2Fcomments&post=2691"}],"version-history":[{"count":1,"href":"https:\/\/cultura.sma.gob.ar\/index.php?rest_route=\/wp\/v2\/posts\/2691\/revisions"}],"predecessor-version":[{"id":2693,"href":"https:\/\/cultura.sma.gob.ar\/index.php?rest_route=\/wp\/v2\/posts\/2691\/revisions\/2693"}],"wp:featuredmedia":[{"embeddable":true,"href":"https:\/\/cultura.sma.gob.ar\/index.php?rest_route=\/wp\/v2\/media\/297"}],"wp:attachment":[{"href":"https:\/\/cultura.sma.gob.ar\/index.php?rest_route=%2Fwp%2Fv2%2Fmedia&parent=2691"}],"wp:term":[{"taxonomy":"category","embeddable":true,"href":"https:\/\/cultura.sma.gob.ar\/index.php?rest_route=%2Fwp%2Fv2%2Fcategories&post=2691"},{"taxonomy":"post_tag","embeddable":true,"href":"https:\/\/cultura.sma.gob.ar\/index.php?rest_route=%2Fwp%2Fv2%2Ftags&post=2691"}],"curies":[{"name":"wp","href":"https:\/\/api.w.org\/{rel}","templated":true}]}}