{"id":2687,"date":"2021-11-12T08:23:58","date_gmt":"2021-11-12T11:23:58","guid":{"rendered":"http:\/\/cultura.sma.gob.ar\/?p=2687"},"modified":"2021-11-12T08:23:58","modified_gmt":"2021-11-12T11:23:58","slug":"cuerpos-llega-al-centro-cultural-cotesma","status":"publish","type":"post","link":"https:\/\/cultura.sma.gob.ar\/?p=2687","title":{"rendered":"&#8220;Cuerpos&#8221; llega al Centro Cultural Cotesma"},"content":{"rendered":"\n<figure class=\"wp-block-image size-large\"><img loading=\"lazy\" decoding=\"async\" width=\"922\" height=\"1024\" src=\"http:\/\/cultura.sma.gob.ar\/wp-content\/uploads\/2021\/11\/Cuerpos-Movieminetos-2021-922x1024.jpg\" alt=\"\" class=\"wp-image-2688\" srcset=\"https:\/\/cultura.sma.gob.ar\/wp-content\/uploads\/2021\/11\/Cuerpos-Movieminetos-2021-922x1024.jpg 922w, https:\/\/cultura.sma.gob.ar\/wp-content\/uploads\/2021\/11\/Cuerpos-Movieminetos-2021-270x300.jpg 270w, https:\/\/cultura.sma.gob.ar\/wp-content\/uploads\/2021\/11\/Cuerpos-Movieminetos-2021-768x853.jpg 768w, https:\/\/cultura.sma.gob.ar\/wp-content\/uploads\/2021\/11\/Cuerpos-Movieminetos-2021-81x90.jpg 81w, https:\/\/cultura.sma.gob.ar\/wp-content\/uploads\/2021\/11\/Cuerpos-Movieminetos-2021.jpg 1152w\" sizes=\"auto, (max-width: 922px) 100vw, 922px\" \/><\/figure>\n\n\n\n<p>El pr\u00f3ximo viernes, 19 de noviembre a las 21hs en nuestra querida Sala Amankay, celebramos la apertura de la 3ra. Edici\u00f3n de \u201cCUERPOS, Festival de Movimientos Contempor\u00e1neos\u201d con la presentaci\u00f3n de la obra \u201cDESBORDES\u201d (@des_bor_des) de&nbsp;Debora Sans\u00f3 Neculman.<br>Sinopsis:<br>Explorar lo inhabitable. Todos los fuera de lugar posibles.<\/p>\n\n\n\n<p>\u201cDesBordes\u201d es una pr\u00e1ctica sensible y autobiogr\u00e1fica que busca de-construir formas de movimiento y normas establecidas en relaci\u00f3n a la danza, practicando la descolonizaci\u00f3n interior, y la permeabilidad ante el suceso real, intentando un borramiento de los l\u00edmites entre; el p\u00fablico y la escena, el sonido y el silencio, la danza y lo cotidiano, el cuerpo y la rostridad.<\/p>\n\n\n\n<p>Ficha t\u00e9cnica:<br>Idea e Interpretaci\u00f3n: Debora Sans\u00f3 Neculman<br>Vestuario: Mecha Beverash<br>Iluminaci\u00f3n: Martin Vidondo<br>Fotograf\u00eda: Luciano Cutrera<br>Sonorizaci\u00f3n: Joaqu\u00edn Segade<\/p>\n\n\n\n<p>Y, el pr\u00f3ximo domingo, 21 de noviembre a las 21hs, en la Sala Amankay de nuestro querido Centro Cultural, seguimos disfrutando las propuestas de la 3ra. Edici\u00f3n de \u201cCUERPOS, Festival de Movimientos Contempor\u00e1neos\u201d con la presentaci\u00f3n de la obra \u201cMAMIFERAS C\u00d3SMICAS\u201d (@mamiferascosmicas) de Nadia Moncada (@pausaenmovimiento).<br>Sinopsis:<br><em>\u201cEnerg\u00edas manifestadas en diferentes seres en una experiencia terrenal, expresando un entramado mayor, amplificando el volumen sensorial. Cuerpos, relaciones, intensidades, tramas enlazadas, habit\u00e1ndonos y reflej\u00e1ndonos en el ciclo que se reinicia eternamente por primera vez.<\/em><\/p>\n\n\n\n<p><em>Somos una en todas. Somos c\u00e9lulas del gran organismo.\u201d<\/em><\/p>\n\n\n\n<p>Un viaje por varios lenguajes. Un recorrido por el ciclo zodiacal poni\u00e9ndole cuerpo a cada energ\u00eda.<\/p>\n\n\n\n<p>Ficha t\u00e9cnica:<br>Idea y direcci\u00f3n: Nadia Moncada.&nbsp;<br>Esta vez en escena: Sol Otero, Sol Gabald\u00f3n, Camila C\u00e1rrega, Jorgelina Cuevas, Camila Cattaneo, Lili Nazario, Mel Mazzeo, Maqui Boza, Andrea Fachinetti, Guadalupe Guevara.<br>Iluminaci\u00f3n: Sabrina Gullino, Heriberto Demetrio.<br>M\u00fasica: Astral de Fran de Lobster, Yankadi Makru de Tam tam afrobeat, Mane de Djembe tigui, Kirin de Mbemba Bangoura, Together we will live forever de Clint Mansell.<br>Foto: Vale Tama\u00f1o.<\/p>\n\n\n\n<p>*Las entradas son a la gorra. Se retiran el mismo d\u00eda de la funci\u00f3n, en la boleter\u00eda del Centro Cultural Cotesma, a partir de las 16hs (M\u00e1ximo 4 entradas por persona).<\/p>\n\n\n\n<p>El festival cuenta con el apoyo del&nbsp;<br>@ministeriodelasculturasnqn<br>@inteatro_arg&nbsp;<br>@cccotesma<\/p>\n\n\n\n<p>La bella gr\u00e1fica de @faustocruzleone y @chinimazzeo<\/p>\n","protected":false},"excerpt":{"rendered":"<p>Viernes 19 de noviembre a las 21hs. <a href=\"https:\/\/cultura.sma.gob.ar\/?p=2687\" class=\"more-link\">Continue reading <span class=\"screen-reader-text\">&#8220;Cuerpos&#8221; llega al Centro Cultural Cotesma<\/span><\/a><\/p>\n","protected":false},"author":1,"featured_media":297,"comment_status":"closed","ping_status":"","sticky":false,"template":"","format":"image","meta":{"footnotes":""},"categories":[2],"tags":[],"class_list":["post-2687","post","type-post","status-publish","format-image","has-post-thumbnail","hentry","category-ciudad-cultural","post_format-post-format-image"],"_links":{"self":[{"href":"https:\/\/cultura.sma.gob.ar\/index.php?rest_route=\/wp\/v2\/posts\/2687","targetHints":{"allow":["GET"]}}],"collection":[{"href":"https:\/\/cultura.sma.gob.ar\/index.php?rest_route=\/wp\/v2\/posts"}],"about":[{"href":"https:\/\/cultura.sma.gob.ar\/index.php?rest_route=\/wp\/v2\/types\/post"}],"author":[{"embeddable":true,"href":"https:\/\/cultura.sma.gob.ar\/index.php?rest_route=\/wp\/v2\/users\/1"}],"replies":[{"embeddable":true,"href":"https:\/\/cultura.sma.gob.ar\/index.php?rest_route=%2Fwp%2Fv2%2Fcomments&post=2687"}],"version-history":[{"count":1,"href":"https:\/\/cultura.sma.gob.ar\/index.php?rest_route=\/wp\/v2\/posts\/2687\/revisions"}],"predecessor-version":[{"id":2689,"href":"https:\/\/cultura.sma.gob.ar\/index.php?rest_route=\/wp\/v2\/posts\/2687\/revisions\/2689"}],"wp:featuredmedia":[{"embeddable":true,"href":"https:\/\/cultura.sma.gob.ar\/index.php?rest_route=\/wp\/v2\/media\/297"}],"wp:attachment":[{"href":"https:\/\/cultura.sma.gob.ar\/index.php?rest_route=%2Fwp%2Fv2%2Fmedia&parent=2687"}],"wp:term":[{"taxonomy":"category","embeddable":true,"href":"https:\/\/cultura.sma.gob.ar\/index.php?rest_route=%2Fwp%2Fv2%2Fcategories&post=2687"},{"taxonomy":"post_tag","embeddable":true,"href":"https:\/\/cultura.sma.gob.ar\/index.php?rest_route=%2Fwp%2Fv2%2Ftags&post=2687"}],"curies":[{"name":"wp","href":"https:\/\/api.w.org\/{rel}","templated":true}]}}