{"id":2679,"date":"2021-11-08T14:18:53","date_gmt":"2021-11-08T17:18:53","guid":{"rendered":"http:\/\/cultura.sma.gob.ar\/?p=2679"},"modified":"2021-11-08T14:18:53","modified_gmt":"2021-11-08T17:18:53","slug":"patagonia-canta-en-el-centro-cultural-cotesma","status":"publish","type":"post","link":"https:\/\/cultura.sma.gob.ar\/?p=2679","title":{"rendered":"Patagonia Canta en el Centro Cultural Cotesma"},"content":{"rendered":"\n<figure class=\"wp-block-image size-large\"><img loading=\"lazy\" decoding=\"async\" width=\"724\" height=\"1024\" src=\"http:\/\/cultura.sma.gob.ar\/wp-content\/uploads\/2021\/11\/Patagonia-Canta-FLyer-final-final-724x1024.jpg\" alt=\"\" class=\"wp-image-2680\" srcset=\"https:\/\/cultura.sma.gob.ar\/wp-content\/uploads\/2021\/11\/Patagonia-Canta-FLyer-final-final-724x1024.jpg 724w, https:\/\/cultura.sma.gob.ar\/wp-content\/uploads\/2021\/11\/Patagonia-Canta-FLyer-final-final-212x300.jpg 212w, https:\/\/cultura.sma.gob.ar\/wp-content\/uploads\/2021\/11\/Patagonia-Canta-FLyer-final-final-768x1086.jpg 768w, https:\/\/cultura.sma.gob.ar\/wp-content\/uploads\/2021\/11\/Patagonia-Canta-FLyer-final-final-64x90.jpg 64w, https:\/\/cultura.sma.gob.ar\/wp-content\/uploads\/2021\/11\/Patagonia-Canta-FLyer-final-final.jpg 905w\" sizes=\"auto, (max-width: 724px) 100vw, 724px\" \/><\/figure>\n\n\n\n<p>El pr\u00f3ximo jueves, 11 de noviembre a las 20hs, en nuestra querida Sala Amankaqy, celebramos la vuelta a la presencialidad de los Encuentros Corales, de la mano de \u201cPATAGONIA CANTA\u201d.<\/p>\n\n\n\n<p>Para este rencuentro del canto coral a trav\u00e9s de PATAGONIA CANTA, vamos a poder disfrutar de la participaci\u00f3n sobre el escenario de:<\/p>\n\n\n\n<ul class=\"wp-block-list\"><li>Coro Quimey Sur de la Ciudad de Neuqu\u00e9n, dirigido por David Estanislao Vallejos;<\/li><li>Coro Juvenil Municipal de Bariloche, dirigido por Marta Ulecia, de la Ciudad de Bariloche Pcia. De R\u00edo Negro;<\/li><li>Grupo Coral Jun\u00edn de los Andes, dirigido por Sergio Walter Gonz\u00e1lez, de Jun\u00edn de Los Andes, Pcia. del Neuqu\u00e9n;<\/li><li>Grupo Vocal Roc\u00edo Caleuche, dirigido por Marcelo Pi\u00f1eiro, de San Mart\u00edn de los Andes Pcia. del Neuqu\u00e9n;<\/li><\/ul>\n\n\n\n<p>Con la participaci\u00f3n especial de la \u201cCompa\u00f1\u00eda de Paradise Ballet\u201d de San Mart\u00edn de los Andes;<\/p>\n\n\n\n<p>Adem\u00e1s vamos a disfrutar de manera online, de los coros:<\/p>\n\n\n\n<ul class=\"wp-block-list\"><li>Coros de voces Lacustres de Puerto Varas;<\/li><li>Coro de J\u00f3venes Casa de la M\u00fasica;<\/li><li>Orquesta de C\u00e1mara Sinf\u00f3nica Lacustre;<\/li><\/ul>\n\n\n\n<p>DIRIGE: Maxiel Marchant<\/p>\n\n\n\n<p>Frutillar \u2013 Puerto Varas &#8211; CHILE<\/p>\n\n\n\n<p><em>Por supuesto que la intenci\u00f3n de ellos era estar compartiendo de manera presencial el concierto, pero a\u00fan no se abrieron los ingresos desde nuestro vecino pa\u00eds y es por ello que su participaci\u00f3n se da desde la virtualidad.<\/em><\/p>\n\n\n\n<p>Para aquellas personas que todav\u00eda no saben de que se tratan estos encuentros les contamos:<\/p>\n\n\n\n<p>De la mano de Melania Del Pino, los encuentros corales que tuvieron su inicio en San Mart\u00edn de los Andes, dieron origen de un importante emprendimiento: el FESTIVAL CORAL PATAGONIA como parte de PATAGONIA CANTA.<\/p>\n\n\n\n<p>A partir del trabajo constante y la apuesta permanente a la creaci\u00f3n art\u00edstica, fue cobrando relevancia hasta convertirse hoy en una organizaci\u00f3n que realiza estos encuentros en ciudades como Puc\u00f3n, Vi\u00f1a del Mar o Frutillar (Chile); San Carlos de Bariloche y Ciudad Aut\u00f3noma de Buenos Aires, en nuestro pa\u00eds, solo por enumerar algunos de los destinos en los que se consolida la presencia del canto coral.<\/p>\n\n\n\n<p>Redoblando la apuesta, y con mucho trabajo personal por parte de la organizadora, surge la idea de regalarle a la ciudad esta nueva posibilidad de ser el epicentro de la m\u00fasica grupal.<\/p>\n\n\n\n<p>A lo largo de la pandemia, se continu\u00f3 con la tarea de la integraci\u00f3n de agrupaciones corales de muchos lugares del mundo en la modalidad de conciertos online.<\/p>\n\n\n\n<p>La idea de la realizaci\u00f3n de estos eventos por parte de Melania Del Pino, comenz\u00f3 con un intento de sondeo en las redes sociales, buscando consenso a una convocatoria gratuita, de pretensiones modestas y en cuesti\u00f3n de horas se vio desbordada por la respuesta y la avidez de participaci\u00f3n, de resultas, aquello que iba a ser uno o dos conciertos termin\u00f3 teniendo 8 ediciones.<\/p>\n\n\n\n<p>Quienes quieran disfrutar de estos trabajos, solo tienen que visitar la p\u00e1gina&nbsp;<a href=\"https:\/\/correo.smandes.gov.ar\/owa\/redir.aspx?C=36a5c5c1a7c0486ea79866ae1cff96c4&amp;URL=http%3a%2f%2fwww.patagoniacanta.com.ar\" target=\"_blank\" rel=\"noreferrer noopener\">www.patagoniacanta.com.ar<\/a>&nbsp;y buscarlos en el espacio \u201cDesde Casa para el Mundo\u201d<\/p>\n\n\n\n<p>Despu\u00e9s de los grandes cimbronazos comienza la recuperaci\u00f3n y en este caso, retoman el camino que se trazaron hace varios a\u00f1os cuando so\u00f1aron con este tipo de encuentros.<\/p>\n\n\n\n<p>Como siempre, con el \u00fanico norte posible, trabajar disfrutando de lo que se hace, aunque esto tambi\u00e9n implique un importante esfuerzo econ\u00f3mico para el sostenimiento y el volver a crear.<\/p>\n\n\n\n<p>Muchas veces sucede, que, en esto de las reconstrucciones aparecen quienes alientan y obligan a redoblar la marcha, tal como hoy, sucede con los apoyos de instituciones p\u00fablicas y privadas que se suman para este volver a la presencialidad cuidada:<\/p>\n\n\n\n<p>ADICORA Nacional (Asociaci\u00f3n de Directores de Coros de la Rep\u00fablica Argentina), Red Coral Argentina, Municipalidad de San Mart\u00edn de los Andes, AlunCo Agua Mineral Natural de Manantial, Consulado Chileno, Canciller\u00eda Argentina y al Centro Cultural Cotesma.<\/p>\n","protected":false},"excerpt":{"rendered":"<p>11 de noviembre a las 20hs  <a href=\"https:\/\/cultura.sma.gob.ar\/?p=2679\" class=\"more-link\">Continue reading <span class=\"screen-reader-text\">Patagonia Canta en el Centro Cultural Cotesma<\/span><\/a><\/p>\n","protected":false},"author":1,"featured_media":297,"comment_status":"closed","ping_status":"","sticky":false,"template":"","format":"image","meta":{"footnotes":""},"categories":[2],"tags":[],"class_list":["post-2679","post","type-post","status-publish","format-image","has-post-thumbnail","hentry","category-ciudad-cultural","post_format-post-format-image"],"_links":{"self":[{"href":"https:\/\/cultura.sma.gob.ar\/index.php?rest_route=\/wp\/v2\/posts\/2679","targetHints":{"allow":["GET"]}}],"collection":[{"href":"https:\/\/cultura.sma.gob.ar\/index.php?rest_route=\/wp\/v2\/posts"}],"about":[{"href":"https:\/\/cultura.sma.gob.ar\/index.php?rest_route=\/wp\/v2\/types\/post"}],"author":[{"embeddable":true,"href":"https:\/\/cultura.sma.gob.ar\/index.php?rest_route=\/wp\/v2\/users\/1"}],"replies":[{"embeddable":true,"href":"https:\/\/cultura.sma.gob.ar\/index.php?rest_route=%2Fwp%2Fv2%2Fcomments&post=2679"}],"version-history":[{"count":1,"href":"https:\/\/cultura.sma.gob.ar\/index.php?rest_route=\/wp\/v2\/posts\/2679\/revisions"}],"predecessor-version":[{"id":2681,"href":"https:\/\/cultura.sma.gob.ar\/index.php?rest_route=\/wp\/v2\/posts\/2679\/revisions\/2681"}],"wp:featuredmedia":[{"embeddable":true,"href":"https:\/\/cultura.sma.gob.ar\/index.php?rest_route=\/wp\/v2\/media\/297"}],"wp:attachment":[{"href":"https:\/\/cultura.sma.gob.ar\/index.php?rest_route=%2Fwp%2Fv2%2Fmedia&parent=2679"}],"wp:term":[{"taxonomy":"category","embeddable":true,"href":"https:\/\/cultura.sma.gob.ar\/index.php?rest_route=%2Fwp%2Fv2%2Fcategories&post=2679"},{"taxonomy":"post_tag","embeddable":true,"href":"https:\/\/cultura.sma.gob.ar\/index.php?rest_route=%2Fwp%2Fv2%2Ftags&post=2679"}],"curies":[{"name":"wp","href":"https:\/\/api.w.org\/{rel}","templated":true}]}}