{"id":2676,"date":"2021-11-08T14:13:50","date_gmt":"2021-11-08T17:13:50","guid":{"rendered":"http:\/\/cultura.sma.gob.ar\/?p=2676"},"modified":"2021-11-08T14:13:50","modified_gmt":"2021-11-08T17:13:50","slug":"patagonia-clasica-edicion-primavera-concierto-visita-guiada-y-degustacion","status":"publish","type":"post","link":"https:\/\/cultura.sma.gob.ar\/?p=2676","title":{"rendered":"Patagonia Cl\u00e1sica edici\u00f3n primavera: concierto, visita guiada y degustaci\u00f3n"},"content":{"rendered":"\n<figure class=\"wp-block-image size-large\"><img loading=\"lazy\" decoding=\"async\" width=\"575\" height=\"1024\" src=\"http:\/\/cultura.sma.gob.ar\/wp-content\/uploads\/2021\/11\/IMG-20211108-WA0025-575x1024.jpg\" alt=\"\" class=\"wp-image-2677\" srcset=\"https:\/\/cultura.sma.gob.ar\/wp-content\/uploads\/2021\/11\/IMG-20211108-WA0025-575x1024.jpg 575w, https:\/\/cultura.sma.gob.ar\/wp-content\/uploads\/2021\/11\/IMG-20211108-WA0025-169x300.jpg 169w, https:\/\/cultura.sma.gob.ar\/wp-content\/uploads\/2021\/11\/IMG-20211108-WA0025-51x90.jpg 51w, https:\/\/cultura.sma.gob.ar\/wp-content\/uploads\/2021\/11\/IMG-20211108-WA0025.jpg 719w\" sizes=\"auto, (max-width: 575px) 100vw, 575px\" \/><\/figure>\n","protected":false},"excerpt":{"rendered":"<p>20 y 21 de noviembre. Entradas anticipadas a la venta. <a href=\"https:\/\/cultura.sma.gob.ar\/?p=2676\" class=\"more-link\">Continue reading <span class=\"screen-reader-text\">Patagonia Cl\u00e1sica edici\u00f3n primavera: concierto, visita guiada y degustaci\u00f3n<\/span><\/a><\/p>\n","protected":false},"author":1,"featured_media":297,"comment_status":"closed","ping_status":"","sticky":false,"template":"","format":"image","meta":{"footnotes":""},"categories":[2],"tags":[],"class_list":["post-2676","post","type-post","status-publish","format-image","has-post-thumbnail","hentry","category-ciudad-cultural","post_format-post-format-image"],"_links":{"self":[{"href":"https:\/\/cultura.sma.gob.ar\/index.php?rest_route=\/wp\/v2\/posts\/2676","targetHints":{"allow":["GET"]}}],"collection":[{"href":"https:\/\/cultura.sma.gob.ar\/index.php?rest_route=\/wp\/v2\/posts"}],"about":[{"href":"https:\/\/cultura.sma.gob.ar\/index.php?rest_route=\/wp\/v2\/types\/post"}],"author":[{"embeddable":true,"href":"https:\/\/cultura.sma.gob.ar\/index.php?rest_route=\/wp\/v2\/users\/1"}],"replies":[{"embeddable":true,"href":"https:\/\/cultura.sma.gob.ar\/index.php?rest_route=%2Fwp%2Fv2%2Fcomments&post=2676"}],"version-history":[{"count":1,"href":"https:\/\/cultura.sma.gob.ar\/index.php?rest_route=\/wp\/v2\/posts\/2676\/revisions"}],"predecessor-version":[{"id":2678,"href":"https:\/\/cultura.sma.gob.ar\/index.php?rest_route=\/wp\/v2\/posts\/2676\/revisions\/2678"}],"wp:featuredmedia":[{"embeddable":true,"href":"https:\/\/cultura.sma.gob.ar\/index.php?rest_route=\/wp\/v2\/media\/297"}],"wp:attachment":[{"href":"https:\/\/cultura.sma.gob.ar\/index.php?rest_route=%2Fwp%2Fv2%2Fmedia&parent=2676"}],"wp:term":[{"taxonomy":"category","embeddable":true,"href":"https:\/\/cultura.sma.gob.ar\/index.php?rest_route=%2Fwp%2Fv2%2Fcategories&post=2676"},{"taxonomy":"post_tag","embeddable":true,"href":"https:\/\/cultura.sma.gob.ar\/index.php?rest_route=%2Fwp%2Fv2%2Ftags&post=2676"}],"curies":[{"name":"wp","href":"https:\/\/api.w.org\/{rel}","templated":true}]}}