{"id":2673,"date":"2021-11-08T14:09:52","date_gmt":"2021-11-08T17:09:52","guid":{"rendered":"http:\/\/cultura.sma.gob.ar\/?p=2673"},"modified":"2021-11-12T08:26:28","modified_gmt":"2021-11-12T11:26:28","slug":"orquesta-sinfonica-academica-concierto-reecuentro","status":"publish","type":"post","link":"https:\/\/cultura.sma.gob.ar\/?p=2673","title":{"rendered":"Orquesta Sinf\u00f3nica Acad\u00e9mica: Concierto Reecuentro"},"content":{"rendered":"\n<figure class=\"wp-block-image size-large\"><img loading=\"lazy\" decoding=\"async\" width=\"675\" height=\"1024\" src=\"http:\/\/cultura.sma.gob.ar\/wp-content\/uploads\/2021\/11\/IMG-20211108-WA0026-675x1024.jpg\" alt=\"\" class=\"wp-image-2674\" srcset=\"https:\/\/cultura.sma.gob.ar\/wp-content\/uploads\/2021\/11\/IMG-20211108-WA0026-675x1024.jpg 675w, https:\/\/cultura.sma.gob.ar\/wp-content\/uploads\/2021\/11\/IMG-20211108-WA0026-198x300.jpg 198w, https:\/\/cultura.sma.gob.ar\/wp-content\/uploads\/2021\/11\/IMG-20211108-WA0026-768x1165.jpg 768w, https:\/\/cultura.sma.gob.ar\/wp-content\/uploads\/2021\/11\/IMG-20211108-WA0026-59x90.jpg 59w, https:\/\/cultura.sma.gob.ar\/wp-content\/uploads\/2021\/11\/IMG-20211108-WA0026.jpg 844w\" sizes=\"auto, (max-width: 675px) 100vw, 675px\" \/><\/figure>\n\n\n\n<p>Orquesta Sinf\u00f3nica Acad\u00e9mica &#8211; Concierto Reencuentro 2021La Orquesta Sinf\u00f3nica Acad\u00e9mica de la Escuela Superior de M\u00fasica de San Mart\u00edn de los Andes (dir. Paloma Nogu\u00e9s) presenta su concierto final 2021 con toda la alegr\u00eda del reencuentro. En esta ocasi\u00f3n, invitamos al Cuarteto de cuerdas Confluencias, dependiente de la Secretar\u00eda de Cultura de Cipolletti (M. Aramayo, A. Vera, G. Castillo, M. Cerutti) y a la Orquesta Escuela Municipal de Villa la Angostura (dir. Bernab\u00e9 Arrighi) a compartir esta inmensa felicidad de volver a hacer m\u00fasica en vivo.Nos presentaremos el viernes 19 de noviembre, a las 21hs, en la Parroquia San Jos\u00e9. La entrada es libre y gratuita, con bono contribuci\u00f3n.\u00a1Invitamos a toda la comunidad a acompa\u00f1arnos en este concierto reencuentro!<\/p>\n","protected":false},"excerpt":{"rendered":"<p>Viernes19 de noviembrea las 21hs en la Parroquia San Jos\u00e9 <a href=\"https:\/\/cultura.sma.gob.ar\/?p=2673\" class=\"more-link\">Continue reading <span class=\"screen-reader-text\">Orquesta Sinf\u00f3nica Acad\u00e9mica: Concierto Reecuentro<\/span><\/a><\/p>\n","protected":false},"author":1,"featured_media":297,"comment_status":"closed","ping_status":"","sticky":false,"template":"","format":"image","meta":{"footnotes":""},"categories":[2],"tags":[],"class_list":["post-2673","post","type-post","status-publish","format-image","has-post-thumbnail","hentry","category-ciudad-cultural","post_format-post-format-image"],"_links":{"self":[{"href":"https:\/\/cultura.sma.gob.ar\/index.php?rest_route=\/wp\/v2\/posts\/2673","targetHints":{"allow":["GET"]}}],"collection":[{"href":"https:\/\/cultura.sma.gob.ar\/index.php?rest_route=\/wp\/v2\/posts"}],"about":[{"href":"https:\/\/cultura.sma.gob.ar\/index.php?rest_route=\/wp\/v2\/types\/post"}],"author":[{"embeddable":true,"href":"https:\/\/cultura.sma.gob.ar\/index.php?rest_route=\/wp\/v2\/users\/1"}],"replies":[{"embeddable":true,"href":"https:\/\/cultura.sma.gob.ar\/index.php?rest_route=%2Fwp%2Fv2%2Fcomments&post=2673"}],"version-history":[{"count":2,"href":"https:\/\/cultura.sma.gob.ar\/index.php?rest_route=\/wp\/v2\/posts\/2673\/revisions"}],"predecessor-version":[{"id":2690,"href":"https:\/\/cultura.sma.gob.ar\/index.php?rest_route=\/wp\/v2\/posts\/2673\/revisions\/2690"}],"wp:featuredmedia":[{"embeddable":true,"href":"https:\/\/cultura.sma.gob.ar\/index.php?rest_route=\/wp\/v2\/media\/297"}],"wp:attachment":[{"href":"https:\/\/cultura.sma.gob.ar\/index.php?rest_route=%2Fwp%2Fv2%2Fmedia&parent=2673"}],"wp:term":[{"taxonomy":"category","embeddable":true,"href":"https:\/\/cultura.sma.gob.ar\/index.php?rest_route=%2Fwp%2Fv2%2Fcategories&post=2673"},{"taxonomy":"post_tag","embeddable":true,"href":"https:\/\/cultura.sma.gob.ar\/index.php?rest_route=%2Fwp%2Fv2%2Ftags&post=2673"}],"curies":[{"name":"wp","href":"https:\/\/api.w.org\/{rel}","templated":true}]}}