{"id":2669,"date":"2021-11-08T09:22:21","date_gmt":"2021-11-08T12:22:21","guid":{"rendered":"http:\/\/cultura.sma.gob.ar\/?p=2669"},"modified":"2021-11-08T09:22:21","modified_gmt":"2021-11-08T12:22:21","slug":"shams-danza-fucionada-en-el-cine-amancay","status":"publish","type":"post","link":"https:\/\/cultura.sma.gob.ar\/?p=2669","title":{"rendered":"Shams Danza Fucionada en el Cine Amancay"},"content":{"rendered":"\n<figure class=\"wp-block-image size-large\"><img loading=\"lazy\" decoding=\"async\" width=\"726\" height=\"1024\" src=\"http:\/\/cultura.sma.gob.ar\/wp-content\/uploads\/2021\/11\/SHAMS-726x1024.jpg\" alt=\"\" class=\"wp-image-2670\" srcset=\"https:\/\/cultura.sma.gob.ar\/wp-content\/uploads\/2021\/11\/SHAMS-726x1024.jpg 726w, https:\/\/cultura.sma.gob.ar\/wp-content\/uploads\/2021\/11\/SHAMS-213x300.jpg 213w, https:\/\/cultura.sma.gob.ar\/wp-content\/uploads\/2021\/11\/SHAMS-768x1083.jpg 768w, https:\/\/cultura.sma.gob.ar\/wp-content\/uploads\/2021\/11\/SHAMS-64x90.jpg 64w, https:\/\/cultura.sma.gob.ar\/wp-content\/uploads\/2021\/11\/SHAMS.jpg 908w\" sizes=\"auto, (max-width: 726px) 100vw, 726px\" \/><\/figure>\n\n\n\n<p>El pr\u00f3ximo mi\u00e9rcoles 10 de noviembre a las 20:30hs, en nuestra querida Sala Amankay, estamos con otro debut en nuestra sala.<br>De la mano de la Profesora Lilia Vargas llega \u201cSHAMS (Sol en \u00e1rabe) DANZA\u201d.<\/p>\n\n\n\n<p>Desde el 2018 comenz\u00f3 este sue\u00f1o de brindar un lugar donde las personas puedan acceder a un estilo \u00fanico y diferente, en la cual se funcionan distintos estilos y culturas. Este proyecto nace con el deseo y el fin de que cada persona pueda aprender el reconocimiento del cuerpo, el espacio para desenvolverse y construir un grupo que se sienta con la libertad y el compromiso de ser. Sin l\u00edmite de edad ni que el dinero sea un impedimento para poder sumarse. Se ha podido compartir este arte con diferentes territorios, incluyendo a la comunidad de Trompul. Entendiendo la gran importancia de la interculturalidad, donde se aprende a la vez que se ense\u00f1a.<\/p>\n\n\n\n<p>Hay que relucir la luz interior. Y nada mejor que una presentaci\u00f3n en nuestra sala para dar cierre al a\u00f1o y juntar energ\u00edas para continuar este hermoso proyecto el a\u00f1o entrante.<\/p>\n\n\n\n<p>Invitamos a ser parte y a promover este espacio que no s\u00f3lo es la danza sino un lugar de contenci\u00f3n, de cuidado y construcci\u00f3n de v\u00ednculos, en armon\u00eda con los cuerpos.<\/p>\n\n\n\n<p>Integrantes: Claudia Figueroa; Noe Salazar; Mirian Figueroa; Teresa Navarro; Siria Creide; Frida Aparicio; Maia Bravo; Tiare Le\u00f3n; Jamila P\u00e9rez; Alma Fuentes; Maylen Rivera; Zoe Schofer; Naomi Ancamil; Andrea Jaramillo; Marianela Curruhuinca; Valentina Guerra; Keila Lerin; Tania Curruhuinca; Amancay Hermosilla y Nicol.<\/p>\n\n\n\n<p>Entrada General $400.-<br>En venta en la boleteria del Centro Cultural Cotesma.<\/p>\n","protected":false},"excerpt":{"rendered":"<p>Mi\u00e9rcoles 10 de noviembre a las 20:30hs en el Cine Amancay <a href=\"https:\/\/cultura.sma.gob.ar\/?p=2669\" class=\"more-link\">Continue reading <span class=\"screen-reader-text\">Shams Danza Fucionada en el Cine Amancay<\/span><\/a><\/p>\n","protected":false},"author":1,"featured_media":297,"comment_status":"closed","ping_status":"","sticky":false,"template":"","format":"image","meta":{"footnotes":""},"categories":[1],"tags":[],"class_list":["post-2669","post","type-post","status-publish","format-image","has-post-thumbnail","hentry","category-sin-categoria","post_format-post-format-image"],"_links":{"self":[{"href":"https:\/\/cultura.sma.gob.ar\/index.php?rest_route=\/wp\/v2\/posts\/2669","targetHints":{"allow":["GET"]}}],"collection":[{"href":"https:\/\/cultura.sma.gob.ar\/index.php?rest_route=\/wp\/v2\/posts"}],"about":[{"href":"https:\/\/cultura.sma.gob.ar\/index.php?rest_route=\/wp\/v2\/types\/post"}],"author":[{"embeddable":true,"href":"https:\/\/cultura.sma.gob.ar\/index.php?rest_route=\/wp\/v2\/users\/1"}],"replies":[{"embeddable":true,"href":"https:\/\/cultura.sma.gob.ar\/index.php?rest_route=%2Fwp%2Fv2%2Fcomments&post=2669"}],"version-history":[{"count":1,"href":"https:\/\/cultura.sma.gob.ar\/index.php?rest_route=\/wp\/v2\/posts\/2669\/revisions"}],"predecessor-version":[{"id":2671,"href":"https:\/\/cultura.sma.gob.ar\/index.php?rest_route=\/wp\/v2\/posts\/2669\/revisions\/2671"}],"wp:featuredmedia":[{"embeddable":true,"href":"https:\/\/cultura.sma.gob.ar\/index.php?rest_route=\/wp\/v2\/media\/297"}],"wp:attachment":[{"href":"https:\/\/cultura.sma.gob.ar\/index.php?rest_route=%2Fwp%2Fv2%2Fmedia&parent=2669"}],"wp:term":[{"taxonomy":"category","embeddable":true,"href":"https:\/\/cultura.sma.gob.ar\/index.php?rest_route=%2Fwp%2Fv2%2Fcategories&post=2669"},{"taxonomy":"post_tag","embeddable":true,"href":"https:\/\/cultura.sma.gob.ar\/index.php?rest_route=%2Fwp%2Fv2%2Ftags&post=2669"}],"curies":[{"name":"wp","href":"https:\/\/api.w.org\/{rel}","templated":true}]}}