{"id":2660,"date":"2021-11-03T08:54:53","date_gmt":"2021-11-03T11:54:53","guid":{"rendered":"http:\/\/cultura.sma.gob.ar\/?p=2660"},"modified":"2021-11-15T08:24:25","modified_gmt":"2021-11-15T11:24:25","slug":"este-viernes-inaugura-la-exposicion-rumbo-a-marte-en-la-sala-chapitel","status":"publish","type":"post","link":"https:\/\/cultura.sma.gob.ar\/?p=2660","title":{"rendered":"Este viernes inaugura la exposici\u00f3n \u201cRumbo a Marte\u201d en la Sala Chapitel"},"content":{"rendered":"\n<figure class=\"wp-block-image size-large\"><img loading=\"lazy\" decoding=\"async\" width=\"1024\" height=\"1024\" src=\"http:\/\/cultura.sma.gob.ar\/wp-content\/uploads\/2021\/11\/flyer-astronomia-1024x1024.jpg\" alt=\"\" class=\"wp-image-2667\" srcset=\"https:\/\/cultura.sma.gob.ar\/wp-content\/uploads\/2021\/11\/flyer-astronomia-1024x1024.jpg 1024w, https:\/\/cultura.sma.gob.ar\/wp-content\/uploads\/2021\/11\/flyer-astronomia-300x300.jpg 300w, https:\/\/cultura.sma.gob.ar\/wp-content\/uploads\/2021\/11\/flyer-astronomia-150x150.jpg 150w, https:\/\/cultura.sma.gob.ar\/wp-content\/uploads\/2021\/11\/flyer-astronomia-768x768.jpg 768w, https:\/\/cultura.sma.gob.ar\/wp-content\/uploads\/2021\/11\/flyer-astronomia-1536x1536.jpg 1536w, https:\/\/cultura.sma.gob.ar\/wp-content\/uploads\/2021\/11\/flyer-astronomia-90x90.jpg 90w, https:\/\/cultura.sma.gob.ar\/wp-content\/uploads\/2021\/11\/flyer-astronomia.jpg 1875w\" sizes=\"auto, (max-width: 1024px) 100vw, 1024px\" \/><\/figure>\n\n\n\n<p>Desde este viernes 5 de noviembre y hasta el 24 inclusive, la Sala Chapitel y el Club Cielos del Sur inauguran la muestra Rumbo a Marte, con entrada libre y gratuita abierta a todo p\u00fablico. De lunes a viernes de 10 a 12hs y de 16 a 20hs se puede recorrer la exposici\u00f3n que ofrecer\u00e1 maquetas, modelos a escala, realidad virtual, imagenes 4k de la superficie marciana y lunar, entre muchas otras propuestas, junto a charlas y talleres.<br><br>La exploraci\u00f3n del espacio responde a un inter\u00e9s intr\u00ednseco al ser humano. Desde peque\u00f1os estamos destinados a ser curiosos, a explorar, a superar nuestros l\u00edmites e ir m\u00e1s all\u00e1. La realidad a\u00fan desconocida significa algo para nosotros, nos lleva a conocer un nuevo elemento sobre nuestro lugar en el mundo, nuestro origen y nuestro destino.<br><br>Observar la Tierra desde la distancia permite ver el lugar que ocupamos en el gran cosmos, donde se desdibujan las fronteras de los pa\u00edses, donde ese cambio de perspectiva, dejando de ser el centro, parad\u00f3jicamente da acceso a una mejor comprensi\u00f3n de nuestro propio mundo, nuestro lugar en el Universo y la historia de nuestro sistema solar.<br><br>Al abordar los retos relacionados con las misiones espaciales, ampliamos la tecnolog\u00eda, creamos nuevas industrias y ayudamos a fomentar la relaci\u00f3n pac\u00edficas entre personas de distintos rincones de nuestro planeta. La curiosidad y la exploraci\u00f3n son vitales para nuestro esp\u00edritu humano y aceptar el reto de sumergirnos en el espacio, rumbo a Marte, nos invita como ciudadanos del mundo actual, y a las futuras generaciones, a unirse en este apasionante viaje.<br><br><strong>Sobre los organizadores:<\/strong><\/p>\n\n\n\n<p>Club Cielos del Sur (San Mart\u00edn de los Andes, 2018) es un grupo de entusiastas y aficionados a las ciencias relacionadas a la astronom\u00eda y el espacio exterior. Sus objetivos son difundir y promover el conocimiento, alentando la capacitaci\u00f3n y formaci\u00f3n profesional, la observaci\u00f3n y el conocimiento del cielo y de la tecnolog\u00eda espacial.<br><br>Sebasti\u00e1n Musso (Buenos Aires, 1976), curador de la exposici\u00f3n Rumbo a Marte. Es divulgador cient\u00edfico y representante para Argentina del Programa UNAWE (IAU &#8211; UNESCO). Ha participado en m\u00e1s de 40 congresos internacionales en Argentina, Brasil, Uruguay, Paraguay, Colombia, Espa\u00f1a e Italia, como disertante, sobre herramientas did\u00e1cticas para la ense\u00f1anza y divulgaci\u00f3n de la astronom\u00eda y ciencias afines.<\/p>\n\n\n\n<p><strong>CRONOGRAMA DE ACTIVIDADES ABIERTAS A TODO P\u00daBLICO<\/strong><br><br>MI\u00c9RCOLES 10\/11 &#8211; de 18.00 a 20.00 : &#8220;ARTEMISA, EL REGRESO DE LA HUMANIDAD A LA LUNA&#8221;. Diego C\u00f3rdova (autor del libro Huellas en la Luna).<br><br>JUEVES 11\/11 &#8211; de 18.00 a 20.00: &#8220;MARTE, primera parte&#8221;. Sebasti\u00e1n Musso (divulgador cient\u00edfico, escritor).<\/p>\n\n\n\n<p>MARTES 16\/11 &#8211; de 18.00 a 20.00 &#8211; &#8220;C\u00d3MO CONSTRU\u00cd UN OBSERVATORIO ASTRON\u00d3MICO&#8221;.<br>Los desaf\u00edos t\u00e9cnicos y de otros tipos para construir un observatorio en la Patagonia Argentina y convertirlo en un modelo a seguir para el astroturismo en la regi\u00f3n.<br>Dicta: Ricardo Chiesa.<\/p>\n\n\n\n<p>MI\u00c9RCOLES 17\/11 &#8211; de 18.00 a 20.00: &#8220;SOMOS MARCIANOS&#8221;.<br>Estamos a diez o quince a\u00f1os de pisar Marte, de comenzar a poblarlo, de llevar lo mejor que somos al planeta rojo, de convertirnos en marcianos.<br>Dicta: Diego Bagu, director Planetario Ciudad de La Plata.<\/p>\n\n\n\n<p>JUEVES 18\/11 &#8211; de 18.00 a 20.00: &#8220;MARTE, segunda parte&#8221;.<br>Un recorrido por las actuales misiones que se encuentran en la superficie marciana y las que lo orbitan mientras repasamos sus principales descubrimientos. Dicta: Sebasti\u00e1n Musso, divulgador cient\u00edfico y escritor.<\/p>\n\n\n\n<p>VIERNES 19\/11 &#8211; de 18.00 a 20.00: &#8220;DEL TURISMO ESPACIAL AL ASTROTURISMO PATAG\u00d3NICO&#8221;.<br>Vivimos en una \u00e9poca d\u00f3nde viajar al espacio es posible, y buscar buenos cielos en la Tierra, tambi\u00e9n.<br>Dicta: Claudio Mart\u00ednez de Fundaci\u00f3n ASARA.<\/p>\n\n\n\n<p>MARTES 23 y MI\u00c9RCOLES 24 &#8211; de 18.00 a 20.30 &#8211; CAPACITACI\u00d3N DOCENTE: &#8220;HERRAMIENTAS DIDACTICAS PARA LA ENSE\u00d1ANZA DE LA ASTRONOMIA&#8221;.<br>C\u00f3mo ense\u00f1ar astronomia a ni\u00f1os peque\u00f1os, adolescentes, adultos y hasta a personas ciegas o con baja visi\u00f3n. Un repaso por diferentes estrategias para acercar los contenidos cient\u00edficos en el aula y un espacio para reflexionar sobre por qu\u00e9 y para qu\u00e9 ense\u00f1ar astronomia.<br>Dicta: Sebasti\u00e1n Musso. Divulgador cient\u00edfico, escritor.<\/p>\n\n\n\n<p>Este curso se dictar\u00e1 en el Instituto de Formaci\u00f3n Docente n\u00ba3 y requiere inscripci\u00f3n previa a trav\u00e9s del formulario: <a href=\"https:\/\/forms.gle\/8DJ91vxHAKEsh45F8\">https:\/\/forms.gle\/8DJ91vxHAKEsh45F8<\/a><br><\/p>\n\n\n\n<p>La muestra estar\u00e1 abierta a la comunidad hasta el 22 de noviembre, de lunes a viernes de 10 a 12hs y de 16 a 20hs. Los s\u00e1bados abren de 17 a 20hs. La entrada es libre y gratuita. Se alienta y recomienda la visita con ni\u00f1os, pues es un recorrido visual, did\u00e1ctico e interactivo.<\/p>\n","protected":false},"excerpt":{"rendered":"<p>Desde el 5 y hasta el 24 de noviembre, con entrada libre y gratuita <a href=\"https:\/\/cultura.sma.gob.ar\/?p=2660\" class=\"more-link\">Continue reading <span class=\"screen-reader-text\">Este viernes inaugura la exposici\u00f3n \u201cRumbo a Marte\u201d en la Sala Chapitel<\/span><\/a><\/p>\n","protected":false},"author":1,"featured_media":295,"comment_status":"closed","ping_status":"","sticky":false,"template":"","format":"image","meta":{"footnotes":""},"categories":[6],"tags":[],"class_list":["post-2660","post","type-post","status-publish","format-image","has-post-thumbnail","hentry","category-sala-lidaura-chapitel","post_format-post-format-image"],"_links":{"self":[{"href":"https:\/\/cultura.sma.gob.ar\/index.php?rest_route=\/wp\/v2\/posts\/2660","targetHints":{"allow":["GET"]}}],"collection":[{"href":"https:\/\/cultura.sma.gob.ar\/index.php?rest_route=\/wp\/v2\/posts"}],"about":[{"href":"https:\/\/cultura.sma.gob.ar\/index.php?rest_route=\/wp\/v2\/types\/post"}],"author":[{"embeddable":true,"href":"https:\/\/cultura.sma.gob.ar\/index.php?rest_route=\/wp\/v2\/users\/1"}],"replies":[{"embeddable":true,"href":"https:\/\/cultura.sma.gob.ar\/index.php?rest_route=%2Fwp%2Fv2%2Fcomments&post=2660"}],"version-history":[{"count":3,"href":"https:\/\/cultura.sma.gob.ar\/index.php?rest_route=\/wp\/v2\/posts\/2660\/revisions"}],"predecessor-version":[{"id":2708,"href":"https:\/\/cultura.sma.gob.ar\/index.php?rest_route=\/wp\/v2\/posts\/2660\/revisions\/2708"}],"wp:featuredmedia":[{"embeddable":true,"href":"https:\/\/cultura.sma.gob.ar\/index.php?rest_route=\/wp\/v2\/media\/295"}],"wp:attachment":[{"href":"https:\/\/cultura.sma.gob.ar\/index.php?rest_route=%2Fwp%2Fv2%2Fmedia&parent=2660"}],"wp:term":[{"taxonomy":"category","embeddable":true,"href":"https:\/\/cultura.sma.gob.ar\/index.php?rest_route=%2Fwp%2Fv2%2Fcategories&post=2660"},{"taxonomy":"post_tag","embeddable":true,"href":"https:\/\/cultura.sma.gob.ar\/index.php?rest_route=%2Fwp%2Fv2%2Ftags&post=2660"}],"curies":[{"name":"wp","href":"https:\/\/api.w.org\/{rel}","templated":true}]}}