{"id":2653,"date":"2021-11-01T13:46:22","date_gmt":"2021-11-01T16:46:22","guid":{"rendered":"http:\/\/cultura.sma.gob.ar\/?p=2653"},"modified":"2021-11-01T13:46:22","modified_gmt":"2021-11-01T16:46:22","slug":"nimbus-llega-al-teatro-san-jose-presenta","status":"publish","type":"post","link":"https:\/\/cultura.sma.gob.ar\/?p=2653","title":{"rendered":"Nimbus llega al Teatro San Jos\u00e9 Presenta"},"content":{"rendered":"\n<figure class=\"wp-block-image size-large\"><img loading=\"lazy\" decoding=\"async\" width=\"1024\" height=\"1024\" src=\"http:\/\/cultura.sma.gob.ar\/wp-content\/uploads\/2021\/11\/redes-01-1024x1024.jpg\" alt=\"\" class=\"wp-image-2654\" srcset=\"https:\/\/cultura.sma.gob.ar\/wp-content\/uploads\/2021\/11\/redes-01-1024x1024.jpg 1024w, https:\/\/cultura.sma.gob.ar\/wp-content\/uploads\/2021\/11\/redes-01-300x300.jpg 300w, https:\/\/cultura.sma.gob.ar\/wp-content\/uploads\/2021\/11\/redes-01-150x150.jpg 150w, https:\/\/cultura.sma.gob.ar\/wp-content\/uploads\/2021\/11\/redes-01-768x768.jpg 768w, https:\/\/cultura.sma.gob.ar\/wp-content\/uploads\/2021\/11\/redes-01-1536x1536.jpg 1536w, https:\/\/cultura.sma.gob.ar\/wp-content\/uploads\/2021\/11\/redes-01-90x90.jpg 90w, https:\/\/cultura.sma.gob.ar\/wp-content\/uploads\/2021\/11\/redes-01.jpg 1875w\" sizes=\"auto, (max-width: 1024px) 100vw, 1024px\" \/><\/figure>\n\n\n\n<p>El pr\u00f3ximo viernes 12 de noviembre, a las 21hs, Nimbus pesenta su nuevo disco en el teatro San Jos\u00e9, en un espect\u00e1culo que forma parte del programa iniciado a principios de este a\u00f1o, con el prop\u00f3sito de fomentar el acceso a obras y shows con entradas a precio promocional.<\/p>\n\n\n\n<p>NIMBUS, es un grupo &nbsp;formado en San Mart\u00edn de los Andes por Wal Cabrera en guitarra y voz \u2013 Israel Contreras en sintetizador y voz \u2013 Pato Lagazzi en bater\u00eda y coros \u2013 Maura Cordob\u00e9s en bajo. Su g\u00e9nero se define como space rock o rock espacial, un estilo forjado por sonidos s\u00f3lidos de bater\u00eda y guitarra y armonizados por las frecuencias oscilantes del sintetizador.<\/p>\n\n\n\n<p>Las entradas ya se encuentran a la venta en la boleter\u00eda del teatro San Jos\u00e9, en Capit\u00e1n Drury 759 , de lunes a viernes de 9 a 21hs. Por consultas comunicarse al 2972 424803.<\/p>\n","protected":false},"excerpt":{"rendered":"<p>Viernes 12 de noviembre a las 21hs. Entradas a la venta en la boleter\u00eda del teatro. <a href=\"https:\/\/cultura.sma.gob.ar\/?p=2653\" class=\"more-link\">Continue reading <span class=\"screen-reader-text\">Nimbus llega al Teatro San Jos\u00e9 Presenta<\/span><\/a><\/p>\n","protected":false},"author":1,"featured_media":292,"comment_status":"closed","ping_status":"","sticky":false,"template":"","format":"image","meta":{"footnotes":""},"categories":[8,9],"tags":[],"class_list":["post-2653","post","type-post","status-publish","format-image","has-post-thumbnail","hentry","category-teatro-san-jose","category-ultimas-noticias","post_format-post-format-image"],"_links":{"self":[{"href":"https:\/\/cultura.sma.gob.ar\/index.php?rest_route=\/wp\/v2\/posts\/2653","targetHints":{"allow":["GET"]}}],"collection":[{"href":"https:\/\/cultura.sma.gob.ar\/index.php?rest_route=\/wp\/v2\/posts"}],"about":[{"href":"https:\/\/cultura.sma.gob.ar\/index.php?rest_route=\/wp\/v2\/types\/post"}],"author":[{"embeddable":true,"href":"https:\/\/cultura.sma.gob.ar\/index.php?rest_route=\/wp\/v2\/users\/1"}],"replies":[{"embeddable":true,"href":"https:\/\/cultura.sma.gob.ar\/index.php?rest_route=%2Fwp%2Fv2%2Fcomments&post=2653"}],"version-history":[{"count":1,"href":"https:\/\/cultura.sma.gob.ar\/index.php?rest_route=\/wp\/v2\/posts\/2653\/revisions"}],"predecessor-version":[{"id":2655,"href":"https:\/\/cultura.sma.gob.ar\/index.php?rest_route=\/wp\/v2\/posts\/2653\/revisions\/2655"}],"wp:featuredmedia":[{"embeddable":true,"href":"https:\/\/cultura.sma.gob.ar\/index.php?rest_route=\/wp\/v2\/media\/292"}],"wp:attachment":[{"href":"https:\/\/cultura.sma.gob.ar\/index.php?rest_route=%2Fwp%2Fv2%2Fmedia&parent=2653"}],"wp:term":[{"taxonomy":"category","embeddable":true,"href":"https:\/\/cultura.sma.gob.ar\/index.php?rest_route=%2Fwp%2Fv2%2Fcategories&post=2653"},{"taxonomy":"post_tag","embeddable":true,"href":"https:\/\/cultura.sma.gob.ar\/index.php?rest_route=%2Fwp%2Fv2%2Ftags&post=2653"}],"curies":[{"name":"wp","href":"https:\/\/api.w.org\/{rel}","templated":true}]}}