{"id":2651,"date":"2021-11-01T13:42:51","date_gmt":"2021-11-01T16:42:51","guid":{"rendered":"http:\/\/cultura.sma.gob.ar\/?p=2651"},"modified":"2021-11-01T13:42:51","modified_gmt":"2021-11-01T16:42:51","slug":"jovenes-sanmartinenses-premiados-en-los-juegos-neuquinos-culturales","status":"publish","type":"post","link":"https:\/\/cultura.sma.gob.ar\/?p=2651","title":{"rendered":"J\u00f3venes sanmartinenses premiados en los Juegos Neuquinos Culturales"},"content":{"rendered":"\n<p><strong> <\/strong>Durante la noche del viernes 29 de octubre se llev\u00f3 a cabo la final provincial de estos juegos culturales en su edici\u00f3n 2021. Bajo el lema \u201cCreando cultura solidaria\u201d, la consigna orient\u00f3 la creaci\u00f3n de obras que representen el actual contexto social en el cual la identidad cultural se resignifica.<\/p>\n\n\n\n<p>En este evento, que se pudo seguir a trav\u00e9s del canal de Youtube del Ministerio de las Culturas, dos j\u00f3venes sanmartinenses llegaron al podio de finalistas. En la categor\u00eda sub15 de la disciplina cuento, Maia Coletto obtuvo el tercer lugar, mientras que Olivia Verduga Mart\u00ednez qued\u00f3 en primer lugar dentro de la misma categor\u00eda, en la disciplina canto solista.<\/p>\n\n\n\n<p>Por otro lado, destacamos la participaci\u00f3n de Mart\u00edn Hernandez en la categor\u00eda sub15 de dibujo y la de Luciana Barrera, quien obtuvo con su obra un premio internacional.<\/p>\n\n\n\n<p>Desde la Secretar\u00eda de Cultura queremos enfatizar el compromiso y esfuerzo de estos j\u00f3venes artistas, felicitarlos por su excelente desempe\u00f1o, por haber obtenido tan gratos resultados y pasar de esta manera a la instancia nacional. As\u00ed mismo felicitar a todos los participantes, muestra viva de lo que la localidad tiene para dar en materia de producci\u00f3n cultural.<\/p>\n","protected":false},"excerpt":{"rendered":"<p>Durante la noche del viernes 29 de octubre se llev\u00f3 a cabo la final provincial de estos juegos culturales en su edici\u00f3n 2021. Bajo el lema \u201cCreando cultura solidaria\u201d, la consigna orient\u00f3 la creaci\u00f3n de obras que representen el actual contexto social en el cual la identidad cultural se resignifica. En este evento, que se pudo seguir a trav\u00e9s del canal de Youtube del Ministerio &hellip; <a href=\"https:\/\/cultura.sma.gob.ar\/?p=2651\" class=\"more-link\">Continue reading <span class=\"screen-reader-text\">J\u00f3venes sanmartinenses premiados en los Juegos Neuquinos Culturales<\/span><\/a><\/p>\n","protected":false},"author":1,"featured_media":296,"comment_status":"closed","ping_status":"","sticky":false,"template":"","format":"image","meta":{"footnotes":""},"categories":[3,9],"tags":[],"class_list":["post-2651","post","type-post","status-publish","format-image","has-post-thumbnail","hentry","category-eventos-cultura","category-ultimas-noticias","post_format-post-format-image"],"_links":{"self":[{"href":"https:\/\/cultura.sma.gob.ar\/index.php?rest_route=\/wp\/v2\/posts\/2651","targetHints":{"allow":["GET"]}}],"collection":[{"href":"https:\/\/cultura.sma.gob.ar\/index.php?rest_route=\/wp\/v2\/posts"}],"about":[{"href":"https:\/\/cultura.sma.gob.ar\/index.php?rest_route=\/wp\/v2\/types\/post"}],"author":[{"embeddable":true,"href":"https:\/\/cultura.sma.gob.ar\/index.php?rest_route=\/wp\/v2\/users\/1"}],"replies":[{"embeddable":true,"href":"https:\/\/cultura.sma.gob.ar\/index.php?rest_route=%2Fwp%2Fv2%2Fcomments&post=2651"}],"version-history":[{"count":1,"href":"https:\/\/cultura.sma.gob.ar\/index.php?rest_route=\/wp\/v2\/posts\/2651\/revisions"}],"predecessor-version":[{"id":2652,"href":"https:\/\/cultura.sma.gob.ar\/index.php?rest_route=\/wp\/v2\/posts\/2651\/revisions\/2652"}],"wp:featuredmedia":[{"embeddable":true,"href":"https:\/\/cultura.sma.gob.ar\/index.php?rest_route=\/wp\/v2\/media\/296"}],"wp:attachment":[{"href":"https:\/\/cultura.sma.gob.ar\/index.php?rest_route=%2Fwp%2Fv2%2Fmedia&parent=2651"}],"wp:term":[{"taxonomy":"category","embeddable":true,"href":"https:\/\/cultura.sma.gob.ar\/index.php?rest_route=%2Fwp%2Fv2%2Fcategories&post=2651"},{"taxonomy":"post_tag","embeddable":true,"href":"https:\/\/cultura.sma.gob.ar\/index.php?rest_route=%2Fwp%2Fv2%2Ftags&post=2651"}],"curies":[{"name":"wp","href":"https:\/\/api.w.org\/{rel}","templated":true}]}}