{"id":2643,"date":"2021-10-29T08:21:40","date_gmt":"2021-10-29T11:21:40","guid":{"rendered":"http:\/\/cultura.sma.gob.ar\/?p=2643"},"modified":"2021-10-29T08:21:40","modified_gmt":"2021-10-29T11:21:40","slug":"vuelve-el-tributo-a-prince-a-la-sala-amankay","status":"publish","type":"post","link":"https:\/\/cultura.sma.gob.ar\/?p=2643","title":{"rendered":"Vuelve el Tributo a Prince a la Sala Amankay"},"content":{"rendered":"\n<figure class=\"wp-block-image size-large\"><img loading=\"lazy\" decoding=\"async\" width=\"1024\" height=\"1024\" src=\"http:\/\/cultura.sma.gob.ar\/wp-content\/uploads\/2021\/10\/Flyer-Tributo-a-Prince-1024x1024.jpg\" alt=\"\" class=\"wp-image-2644\" srcset=\"https:\/\/cultura.sma.gob.ar\/wp-content\/uploads\/2021\/10\/Flyer-Tributo-a-Prince-1024x1024.jpg 1024w, https:\/\/cultura.sma.gob.ar\/wp-content\/uploads\/2021\/10\/Flyer-Tributo-a-Prince-300x300.jpg 300w, https:\/\/cultura.sma.gob.ar\/wp-content\/uploads\/2021\/10\/Flyer-Tributo-a-Prince-150x150.jpg 150w, https:\/\/cultura.sma.gob.ar\/wp-content\/uploads\/2021\/10\/Flyer-Tributo-a-Prince-768x768.jpg 768w, https:\/\/cultura.sma.gob.ar\/wp-content\/uploads\/2021\/10\/Flyer-Tributo-a-Prince-90x90.jpg 90w, https:\/\/cultura.sma.gob.ar\/wp-content\/uploads\/2021\/10\/Flyer-Tributo-a-Prince.jpg 1080w\" sizes=\"auto, (max-width: 1024px) 100vw, 1024px\" \/><\/figure>\n\n\n\n<p>Mientras les contamos que el Espect\u00e1culo de Albricias tiene las entradas agotadas, les traemos otra novedad de nuestra grilla. El pr\u00f3ximo domingo, 07 de noviembre a las 21:15hs, en nuestra querida Sala Amankay, compartiremos el gran regreso de Jazz Swing Tap.<\/p>\n\n\n\n<p>As\u00ed es, la Escuela de Danza Jazz y Comedia Musical llega con una nueva funci\u00f3n del \u201cTRIBUTO A PRINCE\u201d, para seguir disfrutando lo mejor de la Danza local.<\/p>\n\n\n\n<p>Un imperdible Tributo donde, con la m\u00fasica del genial artista, pasar\u00e1n por todos los estilos de Danza Jazz.<br>De la presentaci\u00f3n participar\u00e1n los alumnos de Jazz Swing Tap de los grupos de adolescentes y adultos de los niveles avanzados.<\/p>\n\n\n\n<p>Entradas en venta en la boleteria del Centro Cultural desde el s\u00e1bado 30 de octubre de 16hs a 22hs.<br>Entradas Anticipadas $400.- El mismo d\u00eda $500.-<\/p>\n","protected":false},"excerpt":{"rendered":"<p>Domingo 7 de noviembre a las 21:15hs en el Centro Cultural Cotesma <a href=\"https:\/\/cultura.sma.gob.ar\/?p=2643\" class=\"more-link\">Continue reading <span class=\"screen-reader-text\">Vuelve el Tributo a Prince a la Sala Amankay<\/span><\/a><\/p>\n","protected":false},"author":1,"featured_media":297,"comment_status":"closed","ping_status":"","sticky":false,"template":"","format":"image","meta":{"footnotes":""},"categories":[2],"tags":[],"class_list":["post-2643","post","type-post","status-publish","format-image","has-post-thumbnail","hentry","category-ciudad-cultural","post_format-post-format-image"],"_links":{"self":[{"href":"https:\/\/cultura.sma.gob.ar\/index.php?rest_route=\/wp\/v2\/posts\/2643","targetHints":{"allow":["GET"]}}],"collection":[{"href":"https:\/\/cultura.sma.gob.ar\/index.php?rest_route=\/wp\/v2\/posts"}],"about":[{"href":"https:\/\/cultura.sma.gob.ar\/index.php?rest_route=\/wp\/v2\/types\/post"}],"author":[{"embeddable":true,"href":"https:\/\/cultura.sma.gob.ar\/index.php?rest_route=\/wp\/v2\/users\/1"}],"replies":[{"embeddable":true,"href":"https:\/\/cultura.sma.gob.ar\/index.php?rest_route=%2Fwp%2Fv2%2Fcomments&post=2643"}],"version-history":[{"count":1,"href":"https:\/\/cultura.sma.gob.ar\/index.php?rest_route=\/wp\/v2\/posts\/2643\/revisions"}],"predecessor-version":[{"id":2645,"href":"https:\/\/cultura.sma.gob.ar\/index.php?rest_route=\/wp\/v2\/posts\/2643\/revisions\/2645"}],"wp:featuredmedia":[{"embeddable":true,"href":"https:\/\/cultura.sma.gob.ar\/index.php?rest_route=\/wp\/v2\/media\/297"}],"wp:attachment":[{"href":"https:\/\/cultura.sma.gob.ar\/index.php?rest_route=%2Fwp%2Fv2%2Fmedia&parent=2643"}],"wp:term":[{"taxonomy":"category","embeddable":true,"href":"https:\/\/cultura.sma.gob.ar\/index.php?rest_route=%2Fwp%2Fv2%2Fcategories&post=2643"},{"taxonomy":"post_tag","embeddable":true,"href":"https:\/\/cultura.sma.gob.ar\/index.php?rest_route=%2Fwp%2Fv2%2Ftags&post=2643"}],"curies":[{"name":"wp","href":"https:\/\/api.w.org\/{rel}","templated":true}]}}