{"id":2635,"date":"2021-10-26T14:22:42","date_gmt":"2021-10-26T17:22:42","guid":{"rendered":"http:\/\/cultura.sma.gob.ar\/?p=2635"},"modified":"2021-10-28T22:59:39","modified_gmt":"2021-10-29T01:59:39","slug":"guitarras-del-mundo-llega-al-teatro-san-jose","status":"publish","type":"post","link":"https:\/\/cultura.sma.gob.ar\/?p=2635","title":{"rendered":"&#8220;Guitarras del Mundo&#8221; llega al Teatro San Jos\u00e9"},"content":{"rendered":"\n<figure class=\"wp-block-image size-large\"><img loading=\"lazy\" decoding=\"async\" width=\"1024\" height=\"683\" src=\"http:\/\/cultura.sma.gob.ar\/wp-content\/uploads\/2021\/10\/b11adb848140d469fec8d6182f86b7c0_BIG-1024x683.jpg\" alt=\"\" class=\"wp-image-2641\" srcset=\"https:\/\/cultura.sma.gob.ar\/wp-content\/uploads\/2021\/10\/b11adb848140d469fec8d6182f86b7c0_BIG-1024x683.jpg 1024w, https:\/\/cultura.sma.gob.ar\/wp-content\/uploads\/2021\/10\/b11adb848140d469fec8d6182f86b7c0_BIG-300x200.jpg 300w, https:\/\/cultura.sma.gob.ar\/wp-content\/uploads\/2021\/10\/b11adb848140d469fec8d6182f86b7c0_BIG-768x512.jpg 768w, https:\/\/cultura.sma.gob.ar\/wp-content\/uploads\/2021\/10\/b11adb848140d469fec8d6182f86b7c0_BIG-135x90.jpg 135w, https:\/\/cultura.sma.gob.ar\/wp-content\/uploads\/2021\/10\/b11adb848140d469fec8d6182f86b7c0_BIG.jpg 1200w\" sizes=\"auto, (max-width: 1024px) 100vw, 1024px\" \/><\/figure>\n\n\n\n<p>El pr\u00f3ximo 5 de noviembre a las 20:30hs, en la Sala Jorge Villalba del Teatro San Jos\u00e9, se realizar\u00e1 una nueva edici\u00f3n del Festival Internacional &#8220;Guitarras del Mundo&#8221;.<\/p>\n\n\n\n<p>Este es un encuentro de gran prestigio internacional por el que han pasado, desde su inicio hasta la actualidad, m\u00e1s de mil guitarristas de todo el pa\u00eds y del mundo. Este festival homenajea y promueve la guitarra, un instrumento que en esta tierra tiene una extensa y valiosa tradici\u00f3n, convirti\u00e9ndose en cuna permanente de los amantes de las seis cuerdas.&nbsp;<\/p>\n\n\n\n<p>En esta oportunidad se presentar\u00e1n:<\/p>\n\n\n\n<ul class=\"wp-block-list\"><li>Guitarrista Internacional: V\u00edctor Villadangos<\/li><li>Guitarrista Nacional: Nicol\u00e1s Leiva<\/li><li>Guitarrista Provincial: Sol V\u00e1zquez<\/li><li>Guitarristas Locales: Omar Trovato y Fernando Hidalgo<\/li><\/ul>\n\n\n\n<p>Las entradas son libres y gratuitas. Se podr\u00e1n retirar desde hoy por la boleter\u00eda del teatro, en el horario de 9 a 21hs. Se entregar\u00e1n 2 entradas por personas.&nbsp;&nbsp;<\/p>\n","protected":false},"excerpt":{"rendered":"<p>Pr\u00f3ximo 5 de noviembre a las 20:30hs. Entrada libre y gratuita.  <a href=\"https:\/\/cultura.sma.gob.ar\/?p=2635\" class=\"more-link\">Continue reading <span class=\"screen-reader-text\">&#8220;Guitarras del Mundo&#8221; llega al Teatro San Jos\u00e9<\/span><\/a><\/p>\n","protected":false},"author":1,"featured_media":296,"comment_status":"closed","ping_status":"","sticky":false,"template":"","format":"image","meta":{"footnotes":""},"categories":[3],"tags":[23],"class_list":["post-2635","post","type-post","status-publish","format-image","has-post-thumbnail","hentry","category-eventos-cultura","tag-festival-de-musica","post_format-post-format-image"],"_links":{"self":[{"href":"https:\/\/cultura.sma.gob.ar\/index.php?rest_route=\/wp\/v2\/posts\/2635","targetHints":{"allow":["GET"]}}],"collection":[{"href":"https:\/\/cultura.sma.gob.ar\/index.php?rest_route=\/wp\/v2\/posts"}],"about":[{"href":"https:\/\/cultura.sma.gob.ar\/index.php?rest_route=\/wp\/v2\/types\/post"}],"author":[{"embeddable":true,"href":"https:\/\/cultura.sma.gob.ar\/index.php?rest_route=\/wp\/v2\/users\/1"}],"replies":[{"embeddable":true,"href":"https:\/\/cultura.sma.gob.ar\/index.php?rest_route=%2Fwp%2Fv2%2Fcomments&post=2635"}],"version-history":[{"count":3,"href":"https:\/\/cultura.sma.gob.ar\/index.php?rest_route=\/wp\/v2\/posts\/2635\/revisions"}],"predecessor-version":[{"id":2642,"href":"https:\/\/cultura.sma.gob.ar\/index.php?rest_route=\/wp\/v2\/posts\/2635\/revisions\/2642"}],"wp:featuredmedia":[{"embeddable":true,"href":"https:\/\/cultura.sma.gob.ar\/index.php?rest_route=\/wp\/v2\/media\/296"}],"wp:attachment":[{"href":"https:\/\/cultura.sma.gob.ar\/index.php?rest_route=%2Fwp%2Fv2%2Fmedia&parent=2635"}],"wp:term":[{"taxonomy":"category","embeddable":true,"href":"https:\/\/cultura.sma.gob.ar\/index.php?rest_route=%2Fwp%2Fv2%2Fcategories&post=2635"},{"taxonomy":"post_tag","embeddable":true,"href":"https:\/\/cultura.sma.gob.ar\/index.php?rest_route=%2Fwp%2Fv2%2Ftags&post=2635"}],"curies":[{"name":"wp","href":"https:\/\/api.w.org\/{rel}","templated":true}]}}