{"id":2631,"date":"2021-10-25T08:28:06","date_gmt":"2021-10-25T11:28:06","guid":{"rendered":"http:\/\/cultura.sma.gob.ar\/?p=2631"},"modified":"2021-10-25T08:28:06","modified_gmt":"2021-10-25T11:28:06","slug":"maria-laura-ollesch-presenta-la-media-murga","status":"publish","type":"post","link":"https:\/\/cultura.sma.gob.ar\/?p=2631","title":{"rendered":"Mar\u00eda Laura Ollesch presenta &#8220;La Media Murga&#8221;"},"content":{"rendered":"\n<figure class=\"wp-block-image size-large\"><img loading=\"lazy\" decoding=\"async\" width=\"757\" height=\"757\" src=\"http:\/\/cultura.sma.gob.ar\/wp-content\/uploads\/2021\/10\/TOQUE-PICCOLO-31-10.jpeg\" alt=\"\" class=\"wp-image-2632\" srcset=\"https:\/\/cultura.sma.gob.ar\/wp-content\/uploads\/2021\/10\/TOQUE-PICCOLO-31-10.jpeg 757w, https:\/\/cultura.sma.gob.ar\/wp-content\/uploads\/2021\/10\/TOQUE-PICCOLO-31-10-300x300.jpeg 300w, https:\/\/cultura.sma.gob.ar\/wp-content\/uploads\/2021\/10\/TOQUE-PICCOLO-31-10-150x150.jpeg 150w, https:\/\/cultura.sma.gob.ar\/wp-content\/uploads\/2021\/10\/TOQUE-PICCOLO-31-10-90x90.jpeg 90w\" sizes=\"auto, (max-width: 757px) 100vw, 757px\" \/><\/figure>\n\n\n\n<p>Este domingo 31 de Octubre a las 20:30 hs en el Teatro Piccolo nos encontramos para compartir m\u00fasica con mucha alegr\u00eda. Estar\u00e9 acompa\u00f1ada de Amigos y Amigas, porque con ellEs es mejor la vida.<\/p>\n\n\n\n<p>Artistas invitadEs: Cach\u00fa Carrizo y Laura Rubio<\/p>\n\n\n\n<p>Presentaci\u00f3n de &#8220;La Media Murga&#8221;<\/p>\n\n\n\n<p>Los y las espero con con todos los protocolos vigentes para seguir cuid\u00e1ndonos.<\/p>\n\n\n\n<p>Valor de la entrada: $400.<\/p>\n\n\n\n<p>La cultura es un derecho y el arte un trabajo.<\/p>\n","protected":false},"excerpt":{"rendered":"<p>Domingo 31 a las 20:30hs en el Teatro Piccolo <a href=\"https:\/\/cultura.sma.gob.ar\/?p=2631\" class=\"more-link\">Continue reading <span class=\"screen-reader-text\">Mar\u00eda Laura Ollesch presenta &#8220;La Media Murga&#8221;<\/span><\/a><\/p>\n","protected":false},"author":1,"featured_media":297,"comment_status":"closed","ping_status":"","sticky":false,"template":"","format":"image","meta":{"footnotes":""},"categories":[2],"tags":[],"class_list":["post-2631","post","type-post","status-publish","format-image","has-post-thumbnail","hentry","category-ciudad-cultural","post_format-post-format-image"],"_links":{"self":[{"href":"https:\/\/cultura.sma.gob.ar\/index.php?rest_route=\/wp\/v2\/posts\/2631","targetHints":{"allow":["GET"]}}],"collection":[{"href":"https:\/\/cultura.sma.gob.ar\/index.php?rest_route=\/wp\/v2\/posts"}],"about":[{"href":"https:\/\/cultura.sma.gob.ar\/index.php?rest_route=\/wp\/v2\/types\/post"}],"author":[{"embeddable":true,"href":"https:\/\/cultura.sma.gob.ar\/index.php?rest_route=\/wp\/v2\/users\/1"}],"replies":[{"embeddable":true,"href":"https:\/\/cultura.sma.gob.ar\/index.php?rest_route=%2Fwp%2Fv2%2Fcomments&post=2631"}],"version-history":[{"count":1,"href":"https:\/\/cultura.sma.gob.ar\/index.php?rest_route=\/wp\/v2\/posts\/2631\/revisions"}],"predecessor-version":[{"id":2633,"href":"https:\/\/cultura.sma.gob.ar\/index.php?rest_route=\/wp\/v2\/posts\/2631\/revisions\/2633"}],"wp:featuredmedia":[{"embeddable":true,"href":"https:\/\/cultura.sma.gob.ar\/index.php?rest_route=\/wp\/v2\/media\/297"}],"wp:attachment":[{"href":"https:\/\/cultura.sma.gob.ar\/index.php?rest_route=%2Fwp%2Fv2%2Fmedia&parent=2631"}],"wp:term":[{"taxonomy":"category","embeddable":true,"href":"https:\/\/cultura.sma.gob.ar\/index.php?rest_route=%2Fwp%2Fv2%2Fcategories&post=2631"},{"taxonomy":"post_tag","embeddable":true,"href":"https:\/\/cultura.sma.gob.ar\/index.php?rest_route=%2Fwp%2Fv2%2Ftags&post=2631"}],"curies":[{"name":"wp","href":"https:\/\/api.w.org\/{rel}","templated":true}]}}