{"id":2627,"date":"2021-10-25T08:22:50","date_gmt":"2021-10-25T11:22:50","guid":{"rendered":"http:\/\/cultura.sma.gob.ar\/?p=2627"},"modified":"2021-10-25T08:22:50","modified_gmt":"2021-10-25T11:22:50","slug":"banderazo-por-la-memoria-trans","status":"publish","type":"post","link":"https:\/\/cultura.sma.gob.ar\/?p=2627","title":{"rendered":"Banderazo por la memoria trans"},"content":{"rendered":"\n<figure class=\"wp-block-image size-large\"><img loading=\"lazy\" decoding=\"async\" width=\"576\" height=\"1024\" src=\"http:\/\/cultura.sma.gob.ar\/wp-content\/uploads\/2021\/10\/WhatsApp-Image-2021-10-22-at-10.50.04-1-576x1024.jpeg\" alt=\"\" class=\"wp-image-2629\" srcset=\"https:\/\/cultura.sma.gob.ar\/wp-content\/uploads\/2021\/10\/WhatsApp-Image-2021-10-22-at-10.50.04-1-576x1024.jpeg 576w, https:\/\/cultura.sma.gob.ar\/wp-content\/uploads\/2021\/10\/WhatsApp-Image-2021-10-22-at-10.50.04-1-169x300.jpeg 169w, https:\/\/cultura.sma.gob.ar\/wp-content\/uploads\/2021\/10\/WhatsApp-Image-2021-10-22-at-10.50.04-1-51x90.jpeg 51w, https:\/\/cultura.sma.gob.ar\/wp-content\/uploads\/2021\/10\/WhatsApp-Image-2021-10-22-at-10.50.04-1.jpeg 720w\" sizes=\"auto, (max-width: 576px) 100vw, 576px\" \/><\/figure>\n\n\n\n<p><br>El Banderazo Trans llega a Neuqu\u00e9n \ud83d\ude4c\ud83d\udc97<br>\ufffd\ufffd\ufe0f\u200d\u26a7 El Banderazo por la Memoria Trans, es una acci\u00f3n de alcance Nacional que invita a unirnos para recordar y homenajear a nuestrxs compa\u00f1erxs asesinadxs, desaparecidxs o fallecidxs. Escribimos sus nombres en la bandera y con ese gesto simple nos negamos a olvidarlxs. Recordar significa: Volver a pasar por el coraz\u00f3n.<br>De esta forma est\u00e1n en nuestro coraz\u00f3n cada unx \u00a0de nuestrxs compa\u00f1erxs que dieron la vida en las diferentes regiones del pa\u00eds y que pocas veces son nombradxs.<br>\ufffd\ufffd\ufe0f\u200d\u26a7 En una sola bandera de 15 x 7,5 metros, estaremos homenajeando hoy a lxs integrantes de nuestra gran familia Trans.<\/p>\n\n\n\n<p><br>Agradecemos que te sumes a esta acci\u00f3n, participando de las actividades \ud83d\udc47<br>\u27a1\ufe0f LUNES 25 DE OCTUBRE 18.00HS<br>Concentraci\u00f3n en el monumento al Gral. San Mart\u00edn. av. Argentina y calle Roca, #Neuqu\u00e9nCapital<br>\u27a1\ufe0f LUNES 25 DE OCTUBRE 20.00HS<br>Marcha de antorchas y cumbia desde el monumento al Gral. San Mart\u00edn hasta el espacio Graciela Alonso (ex Arcos Romanos) \u00a0Sarmiento 100, #Neuqu\u00e9nCapital<br>\u27a1\ufe0f MARTES 26 DE OCTUBRE 8.00HS<br>Centro Cultural Marit\u00e9 Berbel, av. Del Libertador 514, #PlazaHuincul<br>\u27a1\ufe0f MARTES 26 DE OCTUBRE 10.00HS<br>Plaza Gral. San Mart\u00edn. Av del Trabajo y Gdor. Elordi, #CutralC\u00f3<br>\u27a1\ufe0f MARTES 26 DE OCTUBRE 18.00HS<br>Plaza de los Pr\u00f3ceres, av. San Mart\u00edn 200, #Zapala<br>\u27a1\ufe0f MI\u00c9RCOLES 27 DE OCTUBRE 10.00HS<br>Plaza San Mart\u00edn. 25 de Mayo 89, #ChosMalal<br>\u27a1\ufe0f JUEVES 28 DE OCTUBRE 10HS<br>Plaza San Mart\u00edn. Elias Sapag y Juan Manuel de Rosas, #SanMart\u00edndelosAndes<br>\u27a1\ufe0f JUEVES 28 DE OCTUBRE 17HS<br>Plaza San Mart\u00edn, Av. R.I.M 26, #Alumin\u00e9<br>#banderazotrans<br>#memoriaverdadyjusticia<br>#reparacionhistorica<br>#archivotrans #archivotransneuquen<br>#banderazoxlamemoriatrans<br>@archivotrans<\/p>\n","protected":false},"excerpt":{"rendered":"<p>El Banderazo Trans llega a Neuqu\u00e9n \ud83d\ude4c\ud83d\udc97\ufffd\ufffd\ufe0f\u200d\u26a7 El Banderazo por la Memoria Trans, es una acci\u00f3n de alcance Nacional que invita a unirnos para recordar y homenajear a nuestrxs compa\u00f1erxs asesinadxs, desaparecidxs o fallecidxs. Escribimos sus nombres en la bandera y con ese gesto simple nos negamos a olvidarlxs. Recordar significa: Volver a pasar por el coraz\u00f3n.De esta forma est\u00e1n en nuestro coraz\u00f3n cada unx &hellip; <a href=\"https:\/\/cultura.sma.gob.ar\/?p=2627\" class=\"more-link\">Continue reading <span class=\"screen-reader-text\">Banderazo por la memoria trans<\/span><\/a><\/p>\n","protected":false},"author":1,"featured_media":297,"comment_status":"closed","ping_status":"","sticky":false,"template":"","format":"image","meta":{"footnotes":""},"categories":[2],"tags":[],"class_list":["post-2627","post","type-post","status-publish","format-image","has-post-thumbnail","hentry","category-ciudad-cultural","post_format-post-format-image"],"_links":{"self":[{"href":"https:\/\/cultura.sma.gob.ar\/index.php?rest_route=\/wp\/v2\/posts\/2627","targetHints":{"allow":["GET"]}}],"collection":[{"href":"https:\/\/cultura.sma.gob.ar\/index.php?rest_route=\/wp\/v2\/posts"}],"about":[{"href":"https:\/\/cultura.sma.gob.ar\/index.php?rest_route=\/wp\/v2\/types\/post"}],"author":[{"embeddable":true,"href":"https:\/\/cultura.sma.gob.ar\/index.php?rest_route=\/wp\/v2\/users\/1"}],"replies":[{"embeddable":true,"href":"https:\/\/cultura.sma.gob.ar\/index.php?rest_route=%2Fwp%2Fv2%2Fcomments&post=2627"}],"version-history":[{"count":1,"href":"https:\/\/cultura.sma.gob.ar\/index.php?rest_route=\/wp\/v2\/posts\/2627\/revisions"}],"predecessor-version":[{"id":2630,"href":"https:\/\/cultura.sma.gob.ar\/index.php?rest_route=\/wp\/v2\/posts\/2627\/revisions\/2630"}],"wp:featuredmedia":[{"embeddable":true,"href":"https:\/\/cultura.sma.gob.ar\/index.php?rest_route=\/wp\/v2\/media\/297"}],"wp:attachment":[{"href":"https:\/\/cultura.sma.gob.ar\/index.php?rest_route=%2Fwp%2Fv2%2Fmedia&parent=2627"}],"wp:term":[{"taxonomy":"category","embeddable":true,"href":"https:\/\/cultura.sma.gob.ar\/index.php?rest_route=%2Fwp%2Fv2%2Fcategories&post=2627"},{"taxonomy":"post_tag","embeddable":true,"href":"https:\/\/cultura.sma.gob.ar\/index.php?rest_route=%2Fwp%2Fv2%2Ftags&post=2627"}],"curies":[{"name":"wp","href":"https:\/\/api.w.org\/{rel}","templated":true}]}}