{"id":2623,"date":"2021-10-21T08:38:42","date_gmt":"2021-10-21T11:38:42","guid":{"rendered":"http:\/\/cultura.sma.gob.ar\/?p=2623"},"modified":"2021-10-21T08:38:42","modified_gmt":"2021-10-21T11:38:42","slug":"el-salto-presenta-su-primer-disco","status":"publish","type":"post","link":"https:\/\/cultura.sma.gob.ar\/?p=2623","title":{"rendered":"El Salto presenta su primer disco"},"content":{"rendered":"\n<figure class=\"wp-block-image size-large\"><img loading=\"lazy\" decoding=\"async\" width=\"724\" height=\"1024\" src=\"http:\/\/cultura.sma.gob.ar\/wp-content\/uploads\/2021\/10\/El-Salto-Flyer-JPEG-724x1024.jpg\" alt=\"\" class=\"wp-image-2624\" srcset=\"https:\/\/cultura.sma.gob.ar\/wp-content\/uploads\/2021\/10\/El-Salto-Flyer-JPEG-724x1024.jpg 724w, https:\/\/cultura.sma.gob.ar\/wp-content\/uploads\/2021\/10\/El-Salto-Flyer-JPEG-212x300.jpg 212w, https:\/\/cultura.sma.gob.ar\/wp-content\/uploads\/2021\/10\/El-Salto-Flyer-JPEG-768x1086.jpg 768w, https:\/\/cultura.sma.gob.ar\/wp-content\/uploads\/2021\/10\/El-Salto-Flyer-JPEG-64x90.jpg 64w, https:\/\/cultura.sma.gob.ar\/wp-content\/uploads\/2021\/10\/El-Salto-Flyer-JPEG.jpg 905w\" sizes=\"auto, (max-width: 724px) 100vw, 724px\" \/><\/figure>\n\n\n\n<p>El pr\u00f3ximo s\u00e1bado, 27 de noviembre a las 21:30hs en nuestra querida Sala Amankay, volveremos a vibrar con lo mejor de nuestra m\u00fasica. Se suma a nuestra grilla \u201cEL SALTO\u201d.<\/p>\n\n\n\n<p>El Salto es una banda sanmartinense formada por Mariano Hidalgo, Juan Piaggio y Manuel Rosatti, en marzo del 2021 con el objetivo de producir su propia m\u00fasica, marcada con un estilo propio que, adem\u00e1s, re\u00fane influencias del rock, pop, funk y reggae entre otros.<\/p>\n\n\n\n<p>Durante este mismo a\u00f1o el grupo se dedic\u00f3 a trabajar en la grabaci\u00f3n del primer material discogr\u00e1fico con la participaci\u00f3n como ingeniero en grabaci\u00f3n de Leonardo Ciccaroni.<br>El 27 de noviembre estar\u00e1n present\u00e1ndose en vivo en nuestra sala centrando su atenci\u00f3n en reflejar su fidelidad sonora, en una propuesta esc\u00e9nica y est\u00e9tica personal y en la incorporaci\u00f3n de invitados especiales teniendo como coproductor del show a Caco Fernandez.<\/p>\n\n\n\n<p>Actualmente se puede acceder a la mitad del disco en su perfil de Youtube y se encuentra en proceso de grabaci\u00f3n la segunda mitad del disco.<\/p>\n\n\n\n<p>Entradas en venta en la boleter\u00eda del Centro Cultural Cotesma.<br>Valor: $400.<\/p>\n","protected":false},"excerpt":{"rendered":"<p>27 de noviembre a las 21:30hs en el Centro Cultural Cotesma <a href=\"https:\/\/cultura.sma.gob.ar\/?p=2623\" class=\"more-link\">Continue reading <span class=\"screen-reader-text\">El Salto presenta su primer disco<\/span><\/a><\/p>\n","protected":false},"author":1,"featured_media":297,"comment_status":"closed","ping_status":"","sticky":false,"template":"","format":"image","meta":{"footnotes":""},"categories":[2],"tags":[],"class_list":["post-2623","post","type-post","status-publish","format-image","has-post-thumbnail","hentry","category-ciudad-cultural","post_format-post-format-image"],"_links":{"self":[{"href":"https:\/\/cultura.sma.gob.ar\/index.php?rest_route=\/wp\/v2\/posts\/2623","targetHints":{"allow":["GET"]}}],"collection":[{"href":"https:\/\/cultura.sma.gob.ar\/index.php?rest_route=\/wp\/v2\/posts"}],"about":[{"href":"https:\/\/cultura.sma.gob.ar\/index.php?rest_route=\/wp\/v2\/types\/post"}],"author":[{"embeddable":true,"href":"https:\/\/cultura.sma.gob.ar\/index.php?rest_route=\/wp\/v2\/users\/1"}],"replies":[{"embeddable":true,"href":"https:\/\/cultura.sma.gob.ar\/index.php?rest_route=%2Fwp%2Fv2%2Fcomments&post=2623"}],"version-history":[{"count":1,"href":"https:\/\/cultura.sma.gob.ar\/index.php?rest_route=\/wp\/v2\/posts\/2623\/revisions"}],"predecessor-version":[{"id":2625,"href":"https:\/\/cultura.sma.gob.ar\/index.php?rest_route=\/wp\/v2\/posts\/2623\/revisions\/2625"}],"wp:featuredmedia":[{"embeddable":true,"href":"https:\/\/cultura.sma.gob.ar\/index.php?rest_route=\/wp\/v2\/media\/297"}],"wp:attachment":[{"href":"https:\/\/cultura.sma.gob.ar\/index.php?rest_route=%2Fwp%2Fv2%2Fmedia&parent=2623"}],"wp:term":[{"taxonomy":"category","embeddable":true,"href":"https:\/\/cultura.sma.gob.ar\/index.php?rest_route=%2Fwp%2Fv2%2Fcategories&post=2623"},{"taxonomy":"post_tag","embeddable":true,"href":"https:\/\/cultura.sma.gob.ar\/index.php?rest_route=%2Fwp%2Fv2%2Ftags&post=2623"}],"curies":[{"name":"wp","href":"https:\/\/api.w.org\/{rel}","templated":true}]}}