{"id":2620,"date":"2021-10-21T08:36:09","date_gmt":"2021-10-21T11:36:09","guid":{"rendered":"http:\/\/cultura.sma.gob.ar\/?p=2620"},"modified":"2021-10-21T08:36:09","modified_gmt":"2021-10-21T11:36:09","slug":"albricias-intimo-en-el-centro-cultural-cotesma","status":"publish","type":"post","link":"https:\/\/cultura.sma.gob.ar\/?p=2620","title":{"rendered":"&#8220;Albricias \u00edntimo&#8221; en el Centro Cultural Cotesma"},"content":{"rendered":"\n<figure class=\"wp-block-image size-large\"><img loading=\"lazy\" decoding=\"async\" width=\"730\" height=\"1024\" src=\"http:\/\/cultura.sma.gob.ar\/wp-content\/uploads\/2021\/10\/Flyer-Albricias-Intimo-730x1024.jpg\" alt=\"\" class=\"wp-image-2621\" srcset=\"https:\/\/cultura.sma.gob.ar\/wp-content\/uploads\/2021\/10\/Flyer-Albricias-Intimo-730x1024.jpg 730w, https:\/\/cultura.sma.gob.ar\/wp-content\/uploads\/2021\/10\/Flyer-Albricias-Intimo-214x300.jpg 214w, https:\/\/cultura.sma.gob.ar\/wp-content\/uploads\/2021\/10\/Flyer-Albricias-Intimo-768x1077.jpg 768w, https:\/\/cultura.sma.gob.ar\/wp-content\/uploads\/2021\/10\/Flyer-Albricias-Intimo-64x90.jpg 64w, https:\/\/cultura.sma.gob.ar\/wp-content\/uploads\/2021\/10\/Flyer-Albricias-Intimo.jpg 913w\" sizes=\"auto, (max-width: 730px) 100vw, 730px\" \/><\/figure>\n\n\n\n<p>Con &#8220;INTIMO&#8221;, Albricias&nbsp;propone reencontrarnos con la danza, con la pasi\u00f3n, con la alegr\u00eda que comparten al subirse&nbsp;a un escenario, con la energ\u00eda contenida y que explota en un aplauso, con las ganas de bailar con amigos y con la esperanza de un abrazo sostenido.<\/p>\n\n\n\n<p>Entradas en venta en la Boleteria del Centro Cultural Cotesma.<br>\u200bValor $500.<\/p>\n","protected":false},"excerpt":{"rendered":"<p>5 de noviembre a las 21hs. <a href=\"https:\/\/cultura.sma.gob.ar\/?p=2620\" class=\"more-link\">Continue reading <span class=\"screen-reader-text\">&#8220;Albricias \u00edntimo&#8221; en el Centro Cultural Cotesma<\/span><\/a><\/p>\n","protected":false},"author":1,"featured_media":297,"comment_status":"closed","ping_status":"","sticky":false,"template":"","format":"image","meta":{"footnotes":""},"categories":[2],"tags":[],"class_list":["post-2620","post","type-post","status-publish","format-image","has-post-thumbnail","hentry","category-ciudad-cultural","post_format-post-format-image"],"_links":{"self":[{"href":"https:\/\/cultura.sma.gob.ar\/index.php?rest_route=\/wp\/v2\/posts\/2620","targetHints":{"allow":["GET"]}}],"collection":[{"href":"https:\/\/cultura.sma.gob.ar\/index.php?rest_route=\/wp\/v2\/posts"}],"about":[{"href":"https:\/\/cultura.sma.gob.ar\/index.php?rest_route=\/wp\/v2\/types\/post"}],"author":[{"embeddable":true,"href":"https:\/\/cultura.sma.gob.ar\/index.php?rest_route=\/wp\/v2\/users\/1"}],"replies":[{"embeddable":true,"href":"https:\/\/cultura.sma.gob.ar\/index.php?rest_route=%2Fwp%2Fv2%2Fcomments&post=2620"}],"version-history":[{"count":1,"href":"https:\/\/cultura.sma.gob.ar\/index.php?rest_route=\/wp\/v2\/posts\/2620\/revisions"}],"predecessor-version":[{"id":2622,"href":"https:\/\/cultura.sma.gob.ar\/index.php?rest_route=\/wp\/v2\/posts\/2620\/revisions\/2622"}],"wp:featuredmedia":[{"embeddable":true,"href":"https:\/\/cultura.sma.gob.ar\/index.php?rest_route=\/wp\/v2\/media\/297"}],"wp:attachment":[{"href":"https:\/\/cultura.sma.gob.ar\/index.php?rest_route=%2Fwp%2Fv2%2Fmedia&parent=2620"}],"wp:term":[{"taxonomy":"category","embeddable":true,"href":"https:\/\/cultura.sma.gob.ar\/index.php?rest_route=%2Fwp%2Fv2%2Fcategories&post=2620"},{"taxonomy":"post_tag","embeddable":true,"href":"https:\/\/cultura.sma.gob.ar\/index.php?rest_route=%2Fwp%2Fv2%2Ftags&post=2620"}],"curies":[{"name":"wp","href":"https:\/\/api.w.org\/{rel}","templated":true}]}}