{"id":2605,"date":"2021-10-18T15:55:15","date_gmt":"2021-10-18T18:55:15","guid":{"rendered":"http:\/\/cultura.sma.gob.ar\/?p=2605"},"modified":"2021-10-18T15:55:15","modified_gmt":"2021-10-18T18:55:15","slug":"el-grupo-musical-dia-nuevo-presenta-su-album-debut-haras","status":"publish","type":"post","link":"https:\/\/cultura.sma.gob.ar\/?p=2605","title":{"rendered":"El grupo m\u00fasical D\u00eda Nuevo presenta su \u00e1lbum debut &#8220;Haras&#8221;"},"content":{"rendered":"\n<figure class=\"wp-block-image size-large\"><img decoding=\"async\" src=\"http:\/\/cultura.sma.gob.ar\/wp-content\/uploads\/2021\/10\/image001.jpg\" alt=\"\" class=\"wp-image-2606\"\/><\/figure>\n\n\n\n<p>La agrupaci\u00f3n musical DIA NUEVO, compuesta por m\u00fasicos de San Mart\u00edn y Jun\u00edn de los Andes presenta su \u00e1lbum debut HARAS. El 30 de octubre a las 22 hs. en el teatro Piccolo, Ruta 40 y Callej\u00f3n de Bello. Para escuchar:<\/p>\n\n\n\n<figure class=\"wp-block-embed-spotify wp-block-embed is-type-rich is-provider-spotify wp-embed-aspect-21-9 wp-has-aspect-ratio\"><div class=\"wp-block-embed__wrapper\">\n<iframe loading=\"lazy\" title=\"Spotify Embed: Haras\" width=\"100%\" height=\"380\" frameborder=\"0\" allowfullscreen allow=\"autoplay; clipboard-write; encrypted-media; fullscreen; picture-in-picture\" src=\"https:\/\/open.spotify.com\/embed\/album\/7DHfgSqdKgP54TSlwAz683?si=ZJx6XhaMSfqqZ4scwUJCXA&#038;utm_source=oembed&#038;dl_branch=1\"><\/iframe>\n<\/div><\/figure>\n\n\n\n<p>D\u00eda Nuevo\/ Aire bueno\/ La m\u00fasica de una Era\/ la m\u00fasica que nos inspira hacer m\u00fasica\/ la m\u00fasica que nos escribimos como cartas. D\u00eda Nuevo se forma en 2014. Interpreta m\u00fasica original compuesta en San Mart\u00edn de los Andes. M\u00fasica influida por diversas fuentes, desde rock progresivo, pasando por el soul, la l\u00edrica y el jazz. El resultado tiene estilo propio, org\u00e1nico, dram\u00e1tico, pleno de im\u00e1genes, polirr\u00edtimico y aut\u00f3ctono. En cuanto a su poes\u00eda, el \u00e1lbum HARAS (Era de Sombra) es un proyecto de naturaleza literario-musical, un motivo creativo de una Era de 14 d\u00edas forzada a ser escrita entre el 7\/2\/17 y el 18\/2\/17, casi en forma de bit\u00e1cora o diario po\u00e9tico. A \u00e9ste se le dio un tratamiento de traducci\u00f3n sonora. Se copi\u00f3 la articulaci\u00f3n y una modulaci\u00f3n entre tantas, llegando a motivos mel\u00f3dicos y luego arm\u00f3nicos ligados a su poes\u00eda. \u25cf Cr\u00e9ditos del \u00e1lbum: Maria N\u00e9lida \u00c1valos Torrontegui &#8220;Ava&#8221;: Voz principal y Coros. Tom\u00e1s Campbell: Coros en 3 y 7. Voz en 14. Lucas Costante: Flauta traversa. Coros. Mauro Espert: Coros. SFX en 5 y 14. Juan Kovadloff: Guitarras en 4, 9 y 14. Fabio L\u00f3pez aka &#8220;Shaggy Popez&#8221;: Guitarra en 3. Josu\u00e9 Medina: Pianos. \u00d3rganos. Sintetizadores en 4 y 7. Julia Novoa: Coros. Numa Varela Raggio &#8220;Raiko&#8221;: Bater\u00edas. Bajos. Piano en 11. Coro en 5. Sintetizadores en 4Z y 5. Guitarras en 3, 4, 4Z, 6 y 13. Compuesto y arreglado por Numa Varela Raggio. Grabado en julio de 2021 en El Sucucho, Villa Quilquihue, Lolog, y Estudio La Torre, San Mart\u00edn de los Andes, Neuqu\u00e9n, Patagonia. T\u00e9cnico de grabaci\u00f3n: Tob\u00edas Matarasso. Mezclado y masterizado por Renzo Alber\u00e1 en Estudios Penny Lane, Rosario. Productor fonogr\u00e1fico: Nahuel Numa Varela Raggio. Publicado el 30 de septiembre de 2021 en San Mart\u00edn de los Andes, Neuqu\u00e9n, Argentina. \u25cf Presentaciones destacadas en San Mart\u00edn de los Andes: \/\/ Festival Mushkinpa (Lago Lolog, 2019 junto a LUIS ROBINSON, entre otros)\/\/ ERA DE ZUL (noviembre-diciembre 2018)\/\/ Festival el Primer Color (2016 junto a bandas como WESTE, DIOSQUE, FEMINA, SHAMAN HERRERA)\/\/ Ciclo de conciertos ERA DE TRANSDIMENSION (enero-febrero 2016 Junto a las bandas CHIMO, SHONA y CUALQUIER LIMON)\/\/ ERA DE NUMCHAKU (enero 2014) \u25cf Registros del trabajo previo del a\u00f1o 2018 titulado Era de Zul: https:\/\/www.facebook.com\/media\/set\/?vanity=dianuevomusica&amp;set=a.1200134480142924 https:\/\/www.facebook.com\/media\/set\/?vanity=dianuevomusica&amp;set=a.1221672581322447<\/p>\n","protected":false},"excerpt":{"rendered":"<p>S\u00e1bado 30 de octubre en el Teatro Piccolo. <a href=\"https:\/\/cultura.sma.gob.ar\/?p=2605\" class=\"more-link\">Continue reading <span class=\"screen-reader-text\">El grupo m\u00fasical D\u00eda Nuevo presenta su \u00e1lbum debut &#8220;Haras&#8221;<\/span><\/a><\/p>\n","protected":false},"author":1,"featured_media":297,"comment_status":"closed","ping_status":"","sticky":false,"template":"","format":"image","meta":{"footnotes":""},"categories":[2],"tags":[],"class_list":["post-2605","post","type-post","status-publish","format-image","has-post-thumbnail","hentry","category-ciudad-cultural","post_format-post-format-image"],"_links":{"self":[{"href":"https:\/\/cultura.sma.gob.ar\/index.php?rest_route=\/wp\/v2\/posts\/2605","targetHints":{"allow":["GET"]}}],"collection":[{"href":"https:\/\/cultura.sma.gob.ar\/index.php?rest_route=\/wp\/v2\/posts"}],"about":[{"href":"https:\/\/cultura.sma.gob.ar\/index.php?rest_route=\/wp\/v2\/types\/post"}],"author":[{"embeddable":true,"href":"https:\/\/cultura.sma.gob.ar\/index.php?rest_route=\/wp\/v2\/users\/1"}],"replies":[{"embeddable":true,"href":"https:\/\/cultura.sma.gob.ar\/index.php?rest_route=%2Fwp%2Fv2%2Fcomments&post=2605"}],"version-history":[{"count":2,"href":"https:\/\/cultura.sma.gob.ar\/index.php?rest_route=\/wp\/v2\/posts\/2605\/revisions"}],"predecessor-version":[{"id":2608,"href":"https:\/\/cultura.sma.gob.ar\/index.php?rest_route=\/wp\/v2\/posts\/2605\/revisions\/2608"}],"wp:featuredmedia":[{"embeddable":true,"href":"https:\/\/cultura.sma.gob.ar\/index.php?rest_route=\/wp\/v2\/media\/297"}],"wp:attachment":[{"href":"https:\/\/cultura.sma.gob.ar\/index.php?rest_route=%2Fwp%2Fv2%2Fmedia&parent=2605"}],"wp:term":[{"taxonomy":"category","embeddable":true,"href":"https:\/\/cultura.sma.gob.ar\/index.php?rest_route=%2Fwp%2Fv2%2Fcategories&post=2605"},{"taxonomy":"post_tag","embeddable":true,"href":"https:\/\/cultura.sma.gob.ar\/index.php?rest_route=%2Fwp%2Fv2%2Ftags&post=2605"}],"curies":[{"name":"wp","href":"https:\/\/api.w.org\/{rel}","templated":true}]}}