{"id":2596,"date":"2021-10-13T13:06:45","date_gmt":"2021-10-13T16:06:45","guid":{"rendered":"http:\/\/cultura.sma.gob.ar\/?p=2596"},"modified":"2021-10-13T13:06:45","modified_gmt":"2021-10-13T16:06:45","slug":"regresa-el-aclamado-tributo-a-cerati","status":"publish","type":"post","link":"https:\/\/cultura.sma.gob.ar\/?p=2596","title":{"rendered":"Regresa el aclamado tributo a Cerati"},"content":{"rendered":"\n<figure class=\"wp-block-image size-large\"><img decoding=\"async\" src=\"http:\/\/cultura.sma.gob.ar\/wp-content\/uploads\/2021\/10\/Un-hombre-alado-Octubre-791x1024.jpeg\" alt=\"\" class=\"wp-image-2597\"\/><\/figure>\n\n\n\n<p>Seguimos viviendo un Octubre espectacular en la Sala Amankay.El pr\u00f3ximo viernes, 15 de octubre a las 21:30hs, Paradise Ballet regresa con una nueva funci\u00f3n de &#8220;UN HOMBRE ALADO EXTRA\u00d1A LA TIERRA&#8221;, imperdible un tributo de danza contempor\u00e1nea y otros estilos\u00a0a Gustavo Cerati y Soda Stereo.<br><br>Interpretado por 20 bailarines de la compa\u00f1ia PARADISE BALLET (divididos en dos repartos), bajo la direcci\u00f3n de Natalia Lamberti.<\/p>\n\n\n\n<p>En escena:Romina Farias, Delfina Ramos, Indra Arias, Sofia Conde, Morena ColettiInes Pechemiel, Catalina Alfaro, Abril Casanova, Alexei Samek, Alice Osbando, Ana Luisa Faundez, Zoe Vasallo, Maite Berninzoni, Milena Vilchez, Cande Feryala, Bel\u00e9n Alcaraz, \u00a0Florencia Juarez, Katherina Gomez, Leo Prada, Guadalupe Mariosa, Matias Bohn, Valentina Garcia, Simona Carluccio, Sofia Rojas Gallardo, Lucia Mariosa, Jazmin Suarez, Antonella Minnard, Tiara Leon, Malena Calveiras\u00a0\u00a0<\/p>\n\n\n\n<p>Entradas en venta en centro cutural cotesmaAnticipadas $500; El mismo D\u00eda $600.<\/p>\n","protected":false},"excerpt":{"rendered":"<p>Viernes 15 de octubre a las 21:30hs <a href=\"https:\/\/cultura.sma.gob.ar\/?p=2596\" class=\"more-link\">Continue reading <span class=\"screen-reader-text\">Regresa el aclamado tributo a Cerati<\/span><\/a><\/p>\n","protected":false},"author":1,"featured_media":297,"comment_status":"closed","ping_status":"","sticky":false,"template":"","format":"image","meta":{"footnotes":""},"categories":[2],"tags":[],"class_list":["post-2596","post","type-post","status-publish","format-image","has-post-thumbnail","hentry","category-ciudad-cultural","post_format-post-format-image"],"_links":{"self":[{"href":"https:\/\/cultura.sma.gob.ar\/index.php?rest_route=\/wp\/v2\/posts\/2596","targetHints":{"allow":["GET"]}}],"collection":[{"href":"https:\/\/cultura.sma.gob.ar\/index.php?rest_route=\/wp\/v2\/posts"}],"about":[{"href":"https:\/\/cultura.sma.gob.ar\/index.php?rest_route=\/wp\/v2\/types\/post"}],"author":[{"embeddable":true,"href":"https:\/\/cultura.sma.gob.ar\/index.php?rest_route=\/wp\/v2\/users\/1"}],"replies":[{"embeddable":true,"href":"https:\/\/cultura.sma.gob.ar\/index.php?rest_route=%2Fwp%2Fv2%2Fcomments&post=2596"}],"version-history":[{"count":1,"href":"https:\/\/cultura.sma.gob.ar\/index.php?rest_route=\/wp\/v2\/posts\/2596\/revisions"}],"predecessor-version":[{"id":2598,"href":"https:\/\/cultura.sma.gob.ar\/index.php?rest_route=\/wp\/v2\/posts\/2596\/revisions\/2598"}],"wp:featuredmedia":[{"embeddable":true,"href":"https:\/\/cultura.sma.gob.ar\/index.php?rest_route=\/wp\/v2\/media\/297"}],"wp:attachment":[{"href":"https:\/\/cultura.sma.gob.ar\/index.php?rest_route=%2Fwp%2Fv2%2Fmedia&parent=2596"}],"wp:term":[{"taxonomy":"category","embeddable":true,"href":"https:\/\/cultura.sma.gob.ar\/index.php?rest_route=%2Fwp%2Fv2%2Fcategories&post=2596"},{"taxonomy":"post_tag","embeddable":true,"href":"https:\/\/cultura.sma.gob.ar\/index.php?rest_route=%2Fwp%2Fv2%2Ftags&post=2596"}],"curies":[{"name":"wp","href":"https:\/\/api.w.org\/{rel}","templated":true}]}}