{"id":2593,"date":"2021-10-11T17:28:26","date_gmt":"2021-10-11T20:28:26","guid":{"rendered":"http:\/\/cultura.sma.gob.ar\/?p=2593"},"modified":"2021-10-11T17:28:26","modified_gmt":"2021-10-11T20:28:26","slug":"la-manta-de-las-historias-mariela-de-la-sota","status":"publish","type":"post","link":"https:\/\/cultura.sma.gob.ar\/?p=2593","title":{"rendered":"La manta de las historias &#8211; Mariela de la Sota"},"content":{"rendered":"\n<p>Viernes 15 de octubre a las 15hs &#8211; Auditorio Sala Chapitel<\/p>\n\n\n\n<p>Organiza: Comisi\u00f3n FRL<\/p>\n\n\n\n<p>Narraci\u00f3n de cuentos. Destinado a infancias de 3 a 7 a\u00f1os. Esta actividad propone incorporar conocimientos literarios disfrutando de un momento art\u00edstico con cuentos, canciones y poes\u00edas. <\/p>\n","protected":false},"excerpt":{"rendered":"<p>Viernes 15 de octubre a las 15hs &#8211; Auditorio Sala Chapitel Organiza: Comisi\u00f3n FRL Narraci\u00f3n de cuentos. Destinado a infancias de 3 a 7 a\u00f1os. Esta actividad propone incorporar conocimientos literarios disfrutando de un momento art\u00edstico con cuentos, canciones y poes\u00edas. <a href=\"https:\/\/cultura.sma.gob.ar\/?p=2593\" class=\"more-link\">Continue reading <span class=\"screen-reader-text\">La manta de las historias &#8211; Mariela de la Sota<\/span><\/a><\/p>\n","protected":false},"author":1,"featured_media":296,"comment_status":"closed","ping_status":"","sticky":false,"template":"","format":"image","meta":{"footnotes":""},"categories":[3,9],"tags":[67],"class_list":["post-2593","post","type-post","status-publish","format-image","has-post-thumbnail","hentry","category-eventos-cultura","category-ultimas-noticias","tag-feria-del-libro","post_format-post-format-image"],"_links":{"self":[{"href":"https:\/\/cultura.sma.gob.ar\/index.php?rest_route=\/wp\/v2\/posts\/2593","targetHints":{"allow":["GET"]}}],"collection":[{"href":"https:\/\/cultura.sma.gob.ar\/index.php?rest_route=\/wp\/v2\/posts"}],"about":[{"href":"https:\/\/cultura.sma.gob.ar\/index.php?rest_route=\/wp\/v2\/types\/post"}],"author":[{"embeddable":true,"href":"https:\/\/cultura.sma.gob.ar\/index.php?rest_route=\/wp\/v2\/users\/1"}],"replies":[{"embeddable":true,"href":"https:\/\/cultura.sma.gob.ar\/index.php?rest_route=%2Fwp%2Fv2%2Fcomments&post=2593"}],"version-history":[{"count":1,"href":"https:\/\/cultura.sma.gob.ar\/index.php?rest_route=\/wp\/v2\/posts\/2593\/revisions"}],"predecessor-version":[{"id":2594,"href":"https:\/\/cultura.sma.gob.ar\/index.php?rest_route=\/wp\/v2\/posts\/2593\/revisions\/2594"}],"wp:featuredmedia":[{"embeddable":true,"href":"https:\/\/cultura.sma.gob.ar\/index.php?rest_route=\/wp\/v2\/media\/296"}],"wp:attachment":[{"href":"https:\/\/cultura.sma.gob.ar\/index.php?rest_route=%2Fwp%2Fv2%2Fmedia&parent=2593"}],"wp:term":[{"taxonomy":"category","embeddable":true,"href":"https:\/\/cultura.sma.gob.ar\/index.php?rest_route=%2Fwp%2Fv2%2Fcategories&post=2593"},{"taxonomy":"post_tag","embeddable":true,"href":"https:\/\/cultura.sma.gob.ar\/index.php?rest_route=%2Fwp%2Fv2%2Ftags&post=2593"}],"curies":[{"name":"wp","href":"https:\/\/api.w.org\/{rel}","templated":true}]}}