{"id":2586,"date":"2021-10-07T11:55:21","date_gmt":"2021-10-07T14:55:21","guid":{"rendered":"http:\/\/cultura.sma.gob.ar\/?p=2586"},"modified":"2022-05-10T10:14:41","modified_gmt":"2022-05-10T13:14:41","slug":"convocatoria-a-artistas-de-circo-locales-para-participar-en-el-8o-festival-de-circo","status":"publish","type":"post","link":"https:\/\/cultura.sma.gob.ar\/?p=2586","title":{"rendered":"CONVOCATORIA A ARTISTAS DE CIRCO LOCALES PARA PARTICIPAR EN EL 8\u00ba FESTIVAL DE CIRCO (FINALIZADA)"},"content":{"rendered":"\n<p>La Secretar\u00eda de Cultura de la Municipalidad de San Mart\u00edn de los Andes informa que est\u00e1 abierta la <strong>convocatoria dirigida a compa\u00f1\u00edas o grupos de espect\u00e1culos circenses de San Mart\u00edn y Jun\u00edn de los Andes<\/strong> que quieran participar en el programa del 8\u00ba Festival de Circo.<\/p>\n\n\n\n<p>El Festival se realizar\u00e1 en una carpa de circo, emplazada en el centro de la ciudad y cumpliendo con el protocolo sanitario vigente, desde el <strong>24 al 28&nbsp; de noviembre de 2021.<\/strong><\/p>\n\n\n\n<div class=\"wp-block-image\"><figure class=\"aligncenter size-large\"><img loading=\"lazy\" decoding=\"async\" width=\"1024\" height=\"1024\" src=\"http:\/\/cultura.sma.gob.ar\/wp-content\/uploads\/2021\/10\/Screenshot_20210929-083134_Instagram-1024x1024.jpg\" alt=\"\" class=\"wp-image-2587\" srcset=\"https:\/\/cultura.sma.gob.ar\/wp-content\/uploads\/2021\/10\/Screenshot_20210929-083134_Instagram-1024x1024.jpg 1024w, https:\/\/cultura.sma.gob.ar\/wp-content\/uploads\/2021\/10\/Screenshot_20210929-083134_Instagram-300x300.jpg 300w, https:\/\/cultura.sma.gob.ar\/wp-content\/uploads\/2021\/10\/Screenshot_20210929-083134_Instagram-150x150.jpg 150w, https:\/\/cultura.sma.gob.ar\/wp-content\/uploads\/2021\/10\/Screenshot_20210929-083134_Instagram-768x768.jpg 768w, https:\/\/cultura.sma.gob.ar\/wp-content\/uploads\/2021\/10\/Screenshot_20210929-083134_Instagram-90x90.jpg 90w, https:\/\/cultura.sma.gob.ar\/wp-content\/uploads\/2021\/10\/Screenshot_20210929-083134_Instagram.jpg 1079w\" sizes=\"auto, (max-width: 1024px) 100vw, 1024px\" \/><\/figure><\/div>\n\n\n\n<p>Como en cada edici\u00f3n del festival, la programaci\u00f3n contar\u00e1 con espect\u00e1culos de circo nacionales, y este a\u00f1o incluir\u00e1 una compa\u00f1\u00eda local en cada funci\u00f3n.<\/p>\n\n\n\n<p>Se ofrecer\u00e1n 12 funciones gratuitas a 3.000 ni\u00f1as y ni\u00f1os de jardines de infantes y escuelas primarias. Tambi\u00e9n habr\u00e1 2 \u201cnoches de gala\u201d para toda la familia.<\/p>\n\n\n\n<p>Las compa\u00f1\u00edas o grupos de San Mart\u00edn y Jun\u00edn de los Andes interesados en participar deber\u00e1n <strong>inscribirse por mail a eventos.cultura@smandes.gov.ar, hasta el 17 de octubre de 2021.<\/strong><\/p>\n\n\n\n<p><strong>Informaci\u00f3n necesaria<\/strong>:<\/p>\n\n\n\n<p>\u2013 Datos de contacto&nbsp; de la compa\u00f1\u00eda\/grupo<\/p>\n\n\n\n<p>\u2013 Constancia de inscripci\u00f3n en AFIP (ESTA CONDICI\u00d3N ES EXCLUYENTE)<\/p>\n\n\n\n<p>\u2013 Dossier del espect\u00e1culo (duraci\u00f3n: no mayor a 15 minutos)<\/p>\n\n\n\n<p>\u2013 Ficha t\u00e9cnica (Nombre de fantas\u00eda, olcalidad de procedencia, datos de los integrantes, necesidades t\u00e9cnicas)<\/p>\n\n\n\n<p>\u2013 Video referencial (a trav\u00e9s de un link a Youtube u otra plataforma virtual, o bien enviando un archivo mediante Wetransfer).<\/p>\n","protected":false},"excerpt":{"rendered":"<p>Atenci\u00f3n San Mart\u00edn de los Andes y Jun\u00edn de los Andes. Abierta hasta el 17 de octubre. <a href=\"https:\/\/cultura.sma.gob.ar\/?p=2586\" class=\"more-link\">Continue reading <span class=\"screen-reader-text\">CONVOCATORIA A ARTISTAS DE CIRCO LOCALES PARA PARTICIPAR EN EL 8\u00ba FESTIVAL DE CIRCO (FINALIZADA)<\/span><\/a><\/p>\n","protected":false},"author":1,"featured_media":0,"comment_status":"closed","ping_status":"","sticky":false,"template":"","format":"image","meta":{"footnotes":""},"categories":[3,9],"tags":[74],"class_list":["post-2586","post","type-post","status-publish","format-image","hentry","category-eventos-cultura","category-ultimas-noticias","tag-festival-de-musica-2","post_format-post-format-image"],"_links":{"self":[{"href":"https:\/\/cultura.sma.gob.ar\/index.php?rest_route=\/wp\/v2\/posts\/2586","targetHints":{"allow":["GET"]}}],"collection":[{"href":"https:\/\/cultura.sma.gob.ar\/index.php?rest_route=\/wp\/v2\/posts"}],"about":[{"href":"https:\/\/cultura.sma.gob.ar\/index.php?rest_route=\/wp\/v2\/types\/post"}],"author":[{"embeddable":true,"href":"https:\/\/cultura.sma.gob.ar\/index.php?rest_route=\/wp\/v2\/users\/1"}],"replies":[{"embeddable":true,"href":"https:\/\/cultura.sma.gob.ar\/index.php?rest_route=%2Fwp%2Fv2%2Fcomments&post=2586"}],"version-history":[{"count":2,"href":"https:\/\/cultura.sma.gob.ar\/index.php?rest_route=\/wp\/v2\/posts\/2586\/revisions"}],"predecessor-version":[{"id":3274,"href":"https:\/\/cultura.sma.gob.ar\/index.php?rest_route=\/wp\/v2\/posts\/2586\/revisions\/3274"}],"wp:attachment":[{"href":"https:\/\/cultura.sma.gob.ar\/index.php?rest_route=%2Fwp%2Fv2%2Fmedia&parent=2586"}],"wp:term":[{"taxonomy":"category","embeddable":true,"href":"https:\/\/cultura.sma.gob.ar\/index.php?rest_route=%2Fwp%2Fv2%2Fcategories&post=2586"},{"taxonomy":"post_tag","embeddable":true,"href":"https:\/\/cultura.sma.gob.ar\/index.php?rest_route=%2Fwp%2Fv2%2Ftags&post=2586"}],"curies":[{"name":"wp","href":"https:\/\/api.w.org\/{rel}","templated":true}]}}