{"id":2574,"date":"2021-10-05T15:34:11","date_gmt":"2021-10-05T18:34:11","guid":{"rendered":"http:\/\/cultura.sma.gob.ar\/?p=2574"},"modified":"2021-10-05T15:34:11","modified_gmt":"2021-10-05T18:34:11","slug":"jeremias-neumeyer-el-horror-sobre-los-andes","status":"publish","type":"post","link":"https:\/\/cultura.sma.gob.ar\/?p=2574","title":{"rendered":"Jerem\u00edas Neumeyer &#8211; &#8220;El horror sobre los Andes&#8221;"},"content":{"rendered":"\n<h4 class=\"wp-block-heading\">Jueves 14 de octubre a las 15hs &#8211; Auditorio Sala Chapitel<\/h4>\n\n\n\n<p>P\u00fablico: Juvenil<\/p>\n\n\n\n<p>Charla acerca de la influencia de los g\u00e9neros literarios de horror y fantas\u00eda en la m\u00fasica (Heavy Metal). <\/p>\n","protected":false},"excerpt":{"rendered":"<p>Jueves 14 de octubre a las 15hs &#8211; Auditorio Sala Chapitel P\u00fablico: Juvenil Charla acerca de la influencia de los g\u00e9neros literarios de horror y fantas\u00eda en la m\u00fasica (Heavy Metal). <a href=\"https:\/\/cultura.sma.gob.ar\/?p=2574\" class=\"more-link\">Continue reading <span class=\"screen-reader-text\">Jerem\u00edas Neumeyer &#8211; &#8220;El horror sobre los Andes&#8221;<\/span><\/a><\/p>\n","protected":false},"author":1,"featured_media":296,"comment_status":"closed","ping_status":"","sticky":false,"template":"","format":"image","meta":{"footnotes":""},"categories":[3,9],"tags":[67],"class_list":["post-2574","post","type-post","status-publish","format-image","has-post-thumbnail","hentry","category-eventos-cultura","category-ultimas-noticias","tag-feria-del-libro","post_format-post-format-image"],"_links":{"self":[{"href":"https:\/\/cultura.sma.gob.ar\/index.php?rest_route=\/wp\/v2\/posts\/2574","targetHints":{"allow":["GET"]}}],"collection":[{"href":"https:\/\/cultura.sma.gob.ar\/index.php?rest_route=\/wp\/v2\/posts"}],"about":[{"href":"https:\/\/cultura.sma.gob.ar\/index.php?rest_route=\/wp\/v2\/types\/post"}],"author":[{"embeddable":true,"href":"https:\/\/cultura.sma.gob.ar\/index.php?rest_route=\/wp\/v2\/users\/1"}],"replies":[{"embeddable":true,"href":"https:\/\/cultura.sma.gob.ar\/index.php?rest_route=%2Fwp%2Fv2%2Fcomments&post=2574"}],"version-history":[{"count":2,"href":"https:\/\/cultura.sma.gob.ar\/index.php?rest_route=\/wp\/v2\/posts\/2574\/revisions"}],"predecessor-version":[{"id":2576,"href":"https:\/\/cultura.sma.gob.ar\/index.php?rest_route=\/wp\/v2\/posts\/2574\/revisions\/2576"}],"wp:featuredmedia":[{"embeddable":true,"href":"https:\/\/cultura.sma.gob.ar\/index.php?rest_route=\/wp\/v2\/media\/296"}],"wp:attachment":[{"href":"https:\/\/cultura.sma.gob.ar\/index.php?rest_route=%2Fwp%2Fv2%2Fmedia&parent=2574"}],"wp:term":[{"taxonomy":"category","embeddable":true,"href":"https:\/\/cultura.sma.gob.ar\/index.php?rest_route=%2Fwp%2Fv2%2Fcategories&post=2574"},{"taxonomy":"post_tag","embeddable":true,"href":"https:\/\/cultura.sma.gob.ar\/index.php?rest_route=%2Fwp%2Fv2%2Ftags&post=2574"}],"curies":[{"name":"wp","href":"https:\/\/api.w.org\/{rel}","templated":true}]}}