{"id":2548,"date":"2021-10-05T15:05:51","date_gmt":"2021-10-05T18:05:51","guid":{"rendered":"http:\/\/cultura.sma.gob.ar\/?p=2548"},"modified":"2021-10-07T10:52:44","modified_gmt":"2021-10-07T13:52:44","slug":"actividades-y-talleres-en-diferentes-locaciones","status":"publish","type":"post","link":"https:\/\/cultura.sma.gob.ar\/?p=2548","title":{"rendered":"Actividades y talleres en diferentes locaciones"},"content":{"rendered":"\n<figure class=\"wp-block-image size-large\"><img loading=\"lazy\" decoding=\"async\" width=\"728\" height=\"1024\" src=\"http:\/\/cultura.sma.gob.ar\/wp-content\/uploads\/2021\/10\/programa-FDL-21_2-01-1-728x1024.jpg\" alt=\"\" class=\"wp-image-2463\" srcset=\"https:\/\/cultura.sma.gob.ar\/wp-content\/uploads\/2021\/10\/programa-FDL-21_2-01-1-728x1024.jpg 728w, https:\/\/cultura.sma.gob.ar\/wp-content\/uploads\/2021\/10\/programa-FDL-21_2-01-1-213x300.jpg 213w, https:\/\/cultura.sma.gob.ar\/wp-content\/uploads\/2021\/10\/programa-FDL-21_2-01-1-768x1080.jpg 768w, https:\/\/cultura.sma.gob.ar\/wp-content\/uploads\/2021\/10\/programa-FDL-21_2-01-1-1093x1536.jpg 1093w, https:\/\/cultura.sma.gob.ar\/wp-content\/uploads\/2021\/10\/programa-FDL-21_2-01-1-1457x2048.jpg 1457w, https:\/\/cultura.sma.gob.ar\/wp-content\/uploads\/2021\/10\/programa-FDL-21_2-01-1-64x90.jpg 64w, https:\/\/cultura.sma.gob.ar\/wp-content\/uploads\/2021\/10\/programa-FDL-21_2-01-1-scaled.jpg 1821w\" sizes=\"auto, (max-width: 728px) 100vw, 728px\" \/><\/figure>\n\n\n\n<h3 class=\"wp-block-heading\">Listado completo de actividades en diferentes locaciones con su detalle de informaci\u00f3n:<\/h3>\n\n\n\n<ul class=\"wp-block-list\"><li><a href=\"http:\/\/cultura.sma.gob.ar\/2021\/10\/05\/francisco-maffeis-y-maria-rosa-maestretti-relato-ilustrado\/\" data-type=\"post\" data-id=\"2360\">Taller de Relato Ilustrado<\/a> &#8211; Lunes 11, de 12 a 14hs &#8211; Auditorio Sala Chapitel<\/li><li><a href=\"http:\/\/cultura.sma.gob.ar\/2021\/10\/05\/juan-sola-la-oscuridad-no-es-mas-que-un-instante-de-luz-dormida\/\" data-type=\"post\" data-id=\"2406\">Juan Sol\u00e1 <\/a>&#8211; Charla &#8211; Lunes 11 a las 16hs &#8211; BP 4 de febrero<\/li><li><a href=\"http:\/\/cultura.sma.gob.ar\/2021\/10\/05\/marcelo-impemba-el-ojo-negro-y-otros-cuentos\/\" data-type=\"post\" data-id=\"2332\">Marcelo Impemba <\/a>&#8211; Presentaci\u00f3n libro &#8211; Lunes 11 a las 17hs &#8211; BP La Cascada<\/li><li><a href=\"http:\/\/cultura.sma.gob.ar\/2021\/10\/05\/claudia-pineiro-guion-y-dramaturgia\/\" data-type=\"post\" data-id=\"2381\">Claudia Pi\u00f1eiro <\/a>&#8211; Charla sobre gui\u00f3n y dramaturgia &#8211; Lunes 11 a las18hs &#8211; Teatro Piccolo<\/li><li><a href=\"http:\/\/cultura.sma.gob.ar\/2021\/10\/05\/curso-de-historia-de-la-fotografia-argentina-conservacion-preservacion-e-identificacion-de-antiguas-fotografias-de-san-martin-de-los-andes\/\" data-type=\"post\" data-id=\"2432\">Curso de Historia de la Fotograf\u00eda Argentina <\/a>&#8211; Conservaci\u00f3n, preservaci\u00f3n e identificaci\u00f3n de fotograf\u00edas antiguas &#8211; Martes 12 de 9 a 13 y de 14:30 a 18:30hs &#8211; BP 9 de Julio<\/li><li><a href=\"http:\/\/cultura.sma.gob.ar\/2021\/10\/05\/marisa-zuriel-partida-simultanea-de-ajedrez\/\" data-type=\"post\" data-id=\"2445\">Partidas simultaneas de ajedrez <\/a>&#8211; Con la Maestra Internacional Marisa Zuriel &#8211; Martes 12 a las 17hs &#8211; Entrada Feria<\/li><li><a href=\"http:\/\/cultura.sma.gob.ar\/2021\/10\/05\/nadia-quant-legados-ancestrales\/\" data-type=\"post\" data-id=\"2289\">Nadia Quant <\/a>&#8211; Presentaci\u00f3n libro &#8211; Martes 12 a las 18hs &#8211; BP 4 de febreo<\/li><li><a href=\"http:\/\/cultura.sma.gob.ar\/2021\/10\/05\/maria-martha-paz-y-sabina-no-hilos-entre-caminos-y-secretos\/\" data-type=\"post\" data-id=\"2347\">Sabina N\u00f3 y Maria Martha Paz<\/a> &#8211; Conversatorio &#8211; Martes 12 a las 18hs &#8211; BP 9 de julio<\/li><li><a href=\"http:\/\/cultura.sma.gob.ar\/2021\/10\/05\/el-microrrelato-en-el-area-cultural-sur-argentina-chile\/\" data-type=\"post\" data-id=\"2418\">Taller de microrrelato<\/a> &#8211; Mi\u00e9rcoles 13 a las 10hs &#8211; Auditorio Sala Chapitel<\/li><li><a href=\"http:\/\/cultura.sma.gob.ar\/2021\/10\/05\/silvia-mellado-los-indicios-del-poema-clinica-de-poesia\/\" data-type=\"post\" data-id=\"2416\">Cl\u00ednica de poes\u00eda Silvia Mellado<\/a> &#8211; Mi\u00e9rcoles 13 a las 15hs &#8211; BP La Cascada<\/li><li><a href=\"http:\/\/cultura.sma.gob.ar\/2021\/10\/05\/gerardo-burton-heridas-que-no-cierran\/\" data-type=\"post\" data-id=\"2402\">Gerardo Burton &#8211; <\/a>Taller &#8211; Mi\u00e9rcoles 13 a las 16hs &#8211; BP Ruca Trabun<\/li><li>Cristina Venturini &#8211; Taller &#8211; Mi\u00e9rcoles 13 a las 17hs &#8211; BP La Cascada<\/li><li><a href=\"http:\/\/cultura.sma.gob.ar\/2021\/10\/05\/cintia-ubeda-sembrar-la-palabra-taller-de-escritura-creativa\/\" data-type=\"post\" data-id=\"2393\">Cintia Ubeda<\/a> &#8211; Taller &#8211; Mi\u00e9rcoles 13 a las 18hs &#8211; BP 9 de julio.<\/li><li><a href=\"http:\/\/cultura.sma.gob.ar\/2021\/10\/05\/virginia-gonzalez-taller-de-restauracion-de-papel\/\" data-type=\"post\" data-id=\"2451\">Virginia Gonz\u00e1lez<\/a> &#8211; Taller &#8211; Jueves 14 y viernes 15 de 9 a 13 y de 14 a 17:30h &#8211; BP 9 de julio<\/li><li><a href=\"http:\/\/cultura.sma.gob.ar\/2021\/10\/05\/samis-farias-thompson-mi-pasion-el-futbol\/\" data-type=\"post\" data-id=\"2278\">Samis Farias<\/a> &#8211; Presentaci\u00f3n libro &#8211; Jueves 14 a las 18hs &#8211; Online<\/li><li><a href=\"http:\/\/cultura.sma.gob.ar\/2021\/10\/05\/gral-jorge-leal-memorias-de-un-antartico\/\" data-type=\"post\" data-id=\"2250\">Carlos Vairo<\/a> &#8211; Presentaci\u00f3n libro &#8211; Jueves 14 a las 19hs &#8211; Online<\/li><li>Cristian Carrasco &#8211; Charla\/taller &#8211; Viernes 15 a las 16hs &#8211; BP La Cascada<\/li><li><a href=\"http:\/\/cultura.sma.gob.ar\/2021\/10\/05\/daniela-dini-marca-personal-y-storytelling-el-arte-de-contar-historias-en-la-era-de-las-redes-sociales\/\" data-type=\"post\" data-id=\"2455\">Dani Dini<\/a> &#8211; Taller &#8220;Marca personal y Storytelling: el arte de contar historias en la era de las redes sociales&#8221; &#8211; Viernes 15 a las 17hs &#8211; Centro de visitantes y museo PNL<\/li><li><a href=\"http:\/\/cultura.sma.gob.ar\/2021\/10\/05\/alejandra-higuera-la-publicacion-como-practica-artistica\/\" data-type=\"post\" data-id=\"2362\">Alejandra Higuera<\/a> &#8211; Encuentro\/Charla &#8220;La publicaci\u00f3n como pr\u00e1ctica art\u00edstica&#8221; &#8211; S\u00e1bado 16 a las 11:30 &#8211; Teatro San Jos\u00e9<\/li><li><a href=\"http:\/\/cultura.sma.gob.ar\/2021\/10\/05\/augusto-perez-guarnieri-el-murmullo-del-tambor-memorias-sonoras-afroamericanas-y-educacion-musical-colaborativa\/\" data-type=\"post\" data-id=\"2377\">Augusto P\u00e9rez Guarneri <\/a>&#8211; Taller &#8220;El murmullo del tambor: memorias sonoras afroamericanas y educaci\u00f3n musical colaborativa&#8221; &#8211; S\u00e1bado 16 a las 16hs &#8211; Teatro San Jos\u00e9<\/li><li>Marcela Ferreyra &#8211; Taller &#8220;Patagonia, un para\u00edso flor\u00edstico&#8221; &#8211; S\u00e1bado 16 a las 18hs &#8211; Centro de visitantes y museo PNL.<\/li><\/ul>\n","protected":false},"excerpt":{"rendered":"<p>Listado completo de actividades en diferentes locaciones con su detalle de informaci\u00f3n: Taller de Relato Ilustrado &#8211; Lunes 11, de 12 a 14hs &#8211; Auditorio Sala Chapitel Juan Sol\u00e1 &#8211; Charla &#8211; Lunes 11 a las 16hs &#8211; BP 4 de febrero Marcelo Impemba &#8211; Presentaci\u00f3n libro &#8211; Lunes 11 a las 17hs &#8211; BP La Cascada Claudia Pi\u00f1eiro &#8211; Charla sobre gui\u00f3n y dramaturgia &hellip; <a href=\"https:\/\/cultura.sma.gob.ar\/?p=2548\" class=\"more-link\">Continue reading <span class=\"screen-reader-text\">Actividades y talleres en diferentes locaciones<\/span><\/a><\/p>\n","protected":false},"author":1,"featured_media":2578,"comment_status":"closed","ping_status":"","sticky":false,"template":"","format":"image","meta":{"footnotes":""},"categories":[3,9],"tags":[67],"class_list":["post-2548","post","type-post","status-publish","format-image","has-post-thumbnail","hentry","category-eventos-cultura","category-ultimas-noticias","tag-feria-del-libro","post_format-post-format-image"],"_links":{"self":[{"href":"https:\/\/cultura.sma.gob.ar\/index.php?rest_route=\/wp\/v2\/posts\/2548","targetHints":{"allow":["GET"]}}],"collection":[{"href":"https:\/\/cultura.sma.gob.ar\/index.php?rest_route=\/wp\/v2\/posts"}],"about":[{"href":"https:\/\/cultura.sma.gob.ar\/index.php?rest_route=\/wp\/v2\/types\/post"}],"author":[{"embeddable":true,"href":"https:\/\/cultura.sma.gob.ar\/index.php?rest_route=\/wp\/v2\/users\/1"}],"replies":[{"embeddable":true,"href":"https:\/\/cultura.sma.gob.ar\/index.php?rest_route=%2Fwp%2Fv2%2Fcomments&post=2548"}],"version-history":[{"count":8,"href":"https:\/\/cultura.sma.gob.ar\/index.php?rest_route=\/wp\/v2\/posts\/2548\/revisions"}],"predecessor-version":[{"id":2585,"href":"https:\/\/cultura.sma.gob.ar\/index.php?rest_route=\/wp\/v2\/posts\/2548\/revisions\/2585"}],"wp:featuredmedia":[{"embeddable":true,"href":"https:\/\/cultura.sma.gob.ar\/index.php?rest_route=\/wp\/v2\/media\/2578"}],"wp:attachment":[{"href":"https:\/\/cultura.sma.gob.ar\/index.php?rest_route=%2Fwp%2Fv2%2Fmedia&parent=2548"}],"wp:term":[{"taxonomy":"category","embeddable":true,"href":"https:\/\/cultura.sma.gob.ar\/index.php?rest_route=%2Fwp%2Fv2%2Fcategories&post=2548"},{"taxonomy":"post_tag","embeddable":true,"href":"https:\/\/cultura.sma.gob.ar\/index.php?rest_route=%2Fwp%2Fv2%2Ftags&post=2548"}],"curies":[{"name":"wp","href":"https:\/\/api.w.org\/{rel}","templated":true}]}}