{"id":250,"date":"2020-08-26T16:16:56","date_gmt":"2020-08-26T16:16:56","guid":{"rendered":"https:\/\/culturasma.wordpress.com\/?p=250"},"modified":"2020-09-24T17:16:36","modified_gmt":"2020-09-24T20:16:36","slug":"convocatoria-para-artistas-escenicos-creacion-colectiva-rescatar-el-presente","status":"publish","type":"post","link":"https:\/\/cultura.sma.gob.ar\/?p=250","title":{"rendered":"Convocatoria para artistas esc\u00e9nicos. Creaci\u00f3n colectiva: Rescatar el presente"},"content":{"rendered":"\n<figure class=\"wp-block-image size-large is-resized\"><img loading=\"lazy\" decoding=\"async\" src=\"https:\/\/culturasma.files.wordpress.com\/2020\/08\/118364400_970907630049550_5893018620545729679_n.png?w=280\" alt=\"\" class=\"wp-image-252\" width=\"357\" height=\"357\"\/><\/figure>\n\n\n\n<p>.Crear en grupo, trabajar con el contexto social e indagar el teatro en la actualidad son las premisas de esta convocatoria.<br>La invitaci\u00f3n es a encontrarse desde la necesidad de fluir en conjunto en los tiempos que corren, darnos la oportunidad de salir de nosotres mismes, contagiarnos de poes\u00edas ajenas, de la musicalidad corp\u00f3rea de otres, romper nuestras estructuras creativas y dejarnos llevar por un cardumen.<br>Compartir tambi\u00e9n desde el c\u00f3digo esc\u00e9nico aquello que nos sucede en este momento tan particular de la historia. Los conflictos atravesados, el aislamiento, la imposibilidad del movimiento y la falta del abrazo, entre muchos otros. E investigar c\u00f3mo atraviesa el arte esc\u00e9nico la ruptura de un paradigma, qu\u00e9 es lo que pasa en un teatro sin contacto f\u00edsico y sin un p\u00fablico cercano, c\u00f3mo es posible rescatar lo ef\u00edmero de un arte milenario y estar presentes sobre el escenario m\u00e1s all\u00e1 de las dificultades.<\/p>\n\n\n\n<p>Direcci\u00f3n: Miguel Moraga<\/p>\n\n\n\n<p><img decoding=\"async\" alt=\"\u2714\" src=\"https:\/\/static.xx.fbcdn.net\/images\/emoji.php\/v9\/t51\/1\/16\/2714.png\">Ejes del trabajo: Antropolog\u00eda teatral, teatro f\u00edsico, teatro \u00e9pico, t\u00edteres y objetos, clown, danza contempor\u00e1nea.<\/p>\n\n\n\n<p><img decoding=\"async\" alt=\"\u2714\" src=\"https:\/\/static.xx.fbcdn.net\/images\/emoji.php\/v9\/t51\/1\/16\/2714.png\">Cronograma estimativo: El trabajo se organizar\u00e1 en dos etapas, una primera instancia de entrenamiento grupal (5 encuentros) y una segunda meramente creativa (10 encuentros).<\/p>\n\n\n\n<p><img decoding=\"async\" alt=\"\u2714\" src=\"https:\/\/static.xx.fbcdn.net\/images\/emoji.php\/v9\/t51\/1\/16\/2714.png\">Requisitos: Tener alg\u00fan tipo de experiencia en artes esc\u00e9nicas (teatro, danza, circo, m\u00fasica y cine).<br>Cupo limitado hasta diez personas.<\/p>\n\n\n\n<p><img decoding=\"async\" alt=\"\u2714\" src=\"https:\/\/static.xx.fbcdn.net\/images\/emoji.php\/v9\/t51\/1\/16\/2714.png\">Importante: La actividad es sin fines de lucro. Solo se dividir\u00e1 el gasto m\u00ednimo de alquiler de sala entre les integrantes de la grupalidad.<\/p>\n\n\n\n<p><img decoding=\"async\" alt=\"\u2795\" src=\"https:\/\/static.xx.fbcdn.net\/images\/emoji.php\/v9\/tca\/1\/16\/2795.png\"> info<br>miguemoragateatro@gmail.com<br>1126875738<\/p>\n","protected":false},"excerpt":{"rendered":"<p>Convocatoria a artistas locales. <a href=\"https:\/\/cultura.sma.gob.ar\/?p=250\" class=\"more-link\">Continue reading <span class=\"screen-reader-text\">Convocatoria para artistas esc\u00e9nicos. Creaci\u00f3n colectiva: Rescatar el presente<\/span><\/a><\/p>\n","protected":false},"author":3,"featured_media":297,"comment_status":"closed","ping_status":"closed","sticky":false,"template":"","format":"image","meta":{"footnotes":""},"categories":[2,9],"tags":[11,18],"class_list":["post-250","post","type-post","status-publish","format-image","has-post-thumbnail","hentry","category-ciudad-cultural","category-ultimas-noticias","tag-artes-escenicas","tag-difusion","post_format-post-format-image"],"_links":{"self":[{"href":"https:\/\/cultura.sma.gob.ar\/index.php?rest_route=\/wp\/v2\/posts\/250","targetHints":{"allow":["GET"]}}],"collection":[{"href":"https:\/\/cultura.sma.gob.ar\/index.php?rest_route=\/wp\/v2\/posts"}],"about":[{"href":"https:\/\/cultura.sma.gob.ar\/index.php?rest_route=\/wp\/v2\/types\/post"}],"author":[{"embeddable":true,"href":"https:\/\/cultura.sma.gob.ar\/index.php?rest_route=\/wp\/v2\/users\/3"}],"replies":[{"embeddable":true,"href":"https:\/\/cultura.sma.gob.ar\/index.php?rest_route=%2Fwp%2Fv2%2Fcomments&post=250"}],"version-history":[{"count":1,"href":"https:\/\/cultura.sma.gob.ar\/index.php?rest_route=\/wp\/v2\/posts\/250\/revisions"}],"predecessor-version":[{"id":299,"href":"https:\/\/cultura.sma.gob.ar\/index.php?rest_route=\/wp\/v2\/posts\/250\/revisions\/299"}],"wp:featuredmedia":[{"embeddable":true,"href":"https:\/\/cultura.sma.gob.ar\/index.php?rest_route=\/wp\/v2\/media\/297"}],"wp:attachment":[{"href":"https:\/\/cultura.sma.gob.ar\/index.php?rest_route=%2Fwp%2Fv2%2Fmedia&parent=250"}],"wp:term":[{"taxonomy":"category","embeddable":true,"href":"https:\/\/cultura.sma.gob.ar\/index.php?rest_route=%2Fwp%2Fv2%2Fcategories&post=250"},{"taxonomy":"post_tag","embeddable":true,"href":"https:\/\/cultura.sma.gob.ar\/index.php?rest_route=%2Fwp%2Fv2%2Ftags&post=250"}],"curies":[{"name":"wp","href":"https:\/\/api.w.org\/{rel}","templated":true}]}}