{"id":2467,"date":"2021-10-05T13:56:26","date_gmt":"2021-10-05T16:56:26","guid":{"rendered":"http:\/\/cultura.sma.gob.ar\/?p=2467"},"modified":"2021-10-11T17:29:54","modified_gmt":"2021-10-11T20:29:54","slug":"presentaciones-literarias-en-auditorio-sala-chapitel","status":"publish","type":"post","link":"https:\/\/cultura.sma.gob.ar\/?p=2467","title":{"rendered":"Presentaciones literarias en Auditorio Sala Chapitel"},"content":{"rendered":"\n<figure class=\"wp-block-image size-large\"><img loading=\"lazy\" decoding=\"async\" width=\"728\" height=\"1024\" src=\"http:\/\/cultura.sma.gob.ar\/wp-content\/uploads\/2021\/10\/programa-FDL-21_2-02-1-728x1024.jpg\" alt=\"\" class=\"wp-image-2464\" srcset=\"https:\/\/cultura.sma.gob.ar\/wp-content\/uploads\/2021\/10\/programa-FDL-21_2-02-1-728x1024.jpg 728w, https:\/\/cultura.sma.gob.ar\/wp-content\/uploads\/2021\/10\/programa-FDL-21_2-02-1-213x300.jpg 213w, https:\/\/cultura.sma.gob.ar\/wp-content\/uploads\/2021\/10\/programa-FDL-21_2-02-1-768x1080.jpg 768w, https:\/\/cultura.sma.gob.ar\/wp-content\/uploads\/2021\/10\/programa-FDL-21_2-02-1-1093x1536.jpg 1093w, https:\/\/cultura.sma.gob.ar\/wp-content\/uploads\/2021\/10\/programa-FDL-21_2-02-1-1457x2048.jpg 1457w, https:\/\/cultura.sma.gob.ar\/wp-content\/uploads\/2021\/10\/programa-FDL-21_2-02-1-64x90.jpg 64w, https:\/\/cultura.sma.gob.ar\/wp-content\/uploads\/2021\/10\/programa-FDL-21_2-02-1-scaled.jpg 1821w\" sizes=\"auto, (max-width: 728px) 100vw, 728px\" \/><\/figure>\n\n\n\n<h2 class=\"wp-block-heading\">Listado de presentaciones para conocer cada propuesta:<\/h2>\n\n\n\n<ul class=\"wp-block-list\"><li><a href=\"http:\/\/cultura.sma.gob.ar\/2021\/10\/05\/claudia-pineiro-conversatorio\/\" data-type=\"post\" data-id=\"2379\">Claudia Pi\u00f1eiro<\/a> &#8211; Conversatorio &#8211; Domingo 10 a las 20hs.<\/li><li><a href=\"http:\/\/cultura.sma.gob.ar\/2021\/10\/05\/marisa-zuriel-masterclass-de-ajedrez\/\" data-type=\"post\" data-id=\"2441\">MasterClass de Ajedrez<\/a> &#8211; Marisa Zuriel &#8211; Lunes 11 a las 15:30hs<\/li><li><a href=\"http:\/\/cultura.sma.gob.ar\/2021\/10\/05\/abel-alexander-estos-debiles-papeles-son-mas-fuertes-que-los-ladrillos\/\" data-type=\"post\" data-id=\"2425\">Abel Alexander<\/a> &#8211; Presentaci\u00f3n libro &#8211; Lunes 11 a las 17:30hs<\/li><li><a href=\"http:\/\/cultura.sma.gob.ar\/2021\/10\/05\/visita-guiada-a-la-muestra-la-fotografia-en-la-historia-argentina-a-cargo-de-abel-alexander\/\" data-type=\"post\" data-id=\"2427\">Visita guiada a la exposici\u00f3n fotogr\u00e1fica de Abel Alexander<\/a> &#8211; lunes 11 a las 18hs.<\/li><li><a href=\"http:\/\/cultura.sma.gob.ar\/2021\/10\/05\/beatriz-kreitman-libre-no-valiente\/\" data-type=\"post\" data-id=\"2335\">Beatriz Kreitman<\/a> &#8211; Presentaci\u00f3n libro &#8211; Lunes 11 a las 19hs<\/li><li><a href=\"http:\/\/cultura.sma.gob.ar\/2021\/10\/05\/jorge-marquez-el-hombre-del-sombrero-de-fieltro\/\" data-type=\"post\" data-id=\"2268\">Jorge M\u00e1rquez<\/a> &#8211; Presentaci\u00f3n libro &#8211; Lunes 11 a las 19:30hs<\/li><li><a href=\"http:\/\/cultura.sma.gob.ar\/2021\/10\/05\/dr-eduardo-nicora-la-salud-no-viene-en-una-pastilla\/\" data-type=\"post\" data-id=\"2238\">Dr. Eduardo Nicora<\/a> &#8211; Presentaci\u00f3n libro &#8211; Lunes 11 a las 20:30hs<\/li><li><a href=\"http:\/\/cultura.sma.gob.ar\/2021\/10\/05\/juan-sola-la-oscuridad-no-es-mas-que-un-instante-de-luz-dormida\/\" data-type=\"post\" data-id=\"2406\">Juan Sol\u00e1 <\/a>&#8211; Conversatorio &#8211; Lunes 11 a las 21hs <\/li><li><a href=\"http:\/\/cultura.sma.gob.ar\/2021\/10\/05\/cintia-ubeda-el-campeon\/\" data-type=\"post\" data-id=\"2391\">Cintia Ubeda<\/a> &#8211; Presentaci\u00f3n libro &#8211; Martes 12 a las 15:30hs<\/li><li><a href=\"http:\/\/cultura.sma.gob.ar\/2021\/10\/05\/rafael-urretabizkaya-la-sirena-del-chocon\/\" data-type=\"post\" data-id=\"2273\">Rafael Urretabizkaya<\/a> &#8211; Presentaci\u00f3n libro &#8211; Martes 12 a las 17hs.<\/li><li><a href=\"http:\/\/cultura.sma.gob.ar\/2021\/10\/05\/susana-abiles-furia-muda\/\" data-type=\"post\" data-id=\"2308\">Susana Abiles<\/a> &#8211; Presentaci\u00f3n libro &#8211; Martes 12 a las 18hs.<\/li><li><a href=\"http:\/\/cultura.sma.gob.ar\/2021\/10\/05\/silvia-mellado-presentacion-de-obra-y-lectura-de-poemas-de-cantos-limayos\/\" data-type=\"post\" data-id=\"2420\">Silvia Mellado<\/a> &#8211; Presentaci\u00f3n libro &#8211; Martes 12 a las 18:30hs<\/li><li><a href=\"http:\/\/cultura.sma.gob.ar\/2021\/10\/05\/conversatorio-con-el-centro-patagonicos-de-estudios-latinoamericanos\/\" data-type=\"post\" data-id=\"2412\">Conversatorio con el Centro Patagonico de Estudios<\/a> &#8211; Mesa redonda &#8211; Martes 12 a las 19hs.<\/li><li><a href=\"http:\/\/cultura.sma.gob.ar\/2021\/10\/05\/el-fondo-editorial-neuquino-presenta-sus-actividades-2020-2021\/\" data-type=\"post\" data-id=\"2370\">Presentaci\u00f3n Fondo Editorial Neuquino<\/a> &#8211; Martes 12 a las 20hs.<\/li><li><a href=\"http:\/\/cultura.sma.gob.ar\/2021\/10\/05\/serie-les-desatormentades-presentacion\/\" data-type=\"post\" data-id=\"2322\">Serie Les Desatormentades<\/a> &#8211; Presentaci\u00f3n &#8211; Martes 12 a las 20:30hs<\/li><li>Cuenteros Comunitarios &#8211; Espect\u00e1culo de narraci\u00f3n oral &#8211; Mi\u00e9rcoles 13 a las 15hs<\/li><li>&#8220;Prevencion de incendios de Interfase&#8221; &#8211; Presentaci\u00f3n &#8211; Mi\u00e9rcoles 13 a 16hs<\/li><li><a href=\"http:\/\/cultura.sma.gob.ar\/2021\/10\/05\/dra-marta-rubin-la-mediacion-como-puente-autores-libros-literatura-y-lectores-la-lectura-literaria-en-el-centro-de-la-escena\/\" data-type=\"post\" data-id=\"2339\">Conversatorio Miscel\u00e1neas literarias<\/a> &#8211; Mi\u00e9rcoles 13 a las 16:30hs<\/li><li><a href=\"http:\/\/cultura.sma.gob.ar\/2021\/10\/05\/museo-maritimo-de-ushuaia-visita-virtual\/\" data-type=\"post\" data-id=\"2356\">Visita Virtual al Museo Mar\u00edtimo de Ushuaia<\/a> &#8211; Mi\u00e9rcoles 13 a las 17hs<\/li><li>Carlos Abadie &#8211; Presentaci\u00f3n &#8211; Mi\u00e9rcoles 13 a las 17:30hs<\/li><li><a href=\"http:\/\/cultura.sma.gob.ar\/2021\/10\/05\/virginia-gonzalez-la-materialidad-de-las-palabras\/\" data-type=\"post\" data-id=\"2448\">Virginia Gonz\u00e1lez<\/a> &#8211; Presentaci\u00f3n libro &#8211; Mi\u00e9rcoles 13 a las 18hs<\/li><li><a href=\"http:\/\/cultura.sma.gob.ar\/2021\/10\/05\/maia-coletto-el-mundo-oculto-la-estufa-el-fuego-las-hadas\/\" data-type=\"post\" data-id=\"2275\">Maia Coletto <\/a>&#8211; Presentaci\u00f3n libro &#8211; Mi\u00e9rcoles 13 a las 18:30hs<\/li><li>Presentaci\u00f3n del Cedie Neuqu\u00e9n &#8211; Miercoles 13 a las 19:30hs<\/li><li> &#8220;\u00bf<a href=\"http:\/\/cultura.sma.gob.ar\/2021\/10\/05\/tomas-canicul-y-maria-elena-tripailaf-chuley-ta-mapuzugun-puelmapu-mu\/\" data-type=\"post\" data-id=\"2404\">Chumley ta mapuzugun puelmapu mu<\/a>? &#8211; Conversatorio &#8211; Mi\u00e9rcoles 13 a las 20hs<\/li><li>&#8220;<a href=\"http:\/\/cultura.sma.gob.ar\/2021\/10\/05\/transmision-en-vivo-para-toda-la-provincia-del-ciclo-literario-el-viento-nos-amontona\/\" data-type=\"post\" data-id=\"2373\">El viento nos amontona<\/a>&#8221; &#8211; Transmisi\u00f3n en vivo &#8211; Mi\u00e9rcoles 13 a las 21hs.<\/li><li><a href=\"http:\/\/cultura.sma.gob.ar\/2021\/10\/05\/jeremias-neumeyer-el-horror-sobre-los-andes\/\" data-type=\"post\" data-id=\"2574\">Jerem\u00edas Neumeyer<\/a> &#8211; Charla y debate &#8211; Jueves 14 a las 15hs<\/li><li><a href=\"http:\/\/cultura.sma.gob.ar\/2021\/10\/05\/mariela-de-la-sota-la-manta-de-las-historias\/\" data-type=\"post\" data-id=\"2395\">Mariela de la Sota<\/a> &#8211; Taller de narraci\u00f3n oral &#8211; Jueves 14 a las 16hs<\/li><li><a href=\"http:\/\/cultura.sma.gob.ar\/2021\/10\/05\/clara-lucia-blanco-solo-con-pensarte\/\" data-type=\"post\" data-id=\"2242\">Clara Bianco<\/a> &#8211; Presentaci\u00f3n libro &#8211; Jueves 14 a las17:30hs<\/li><li>Cristian Carrasco &#8211; Presentaci\u00f3n libro &#8211; Jueves 14 a las 18hs<\/li><li><a href=\"http:\/\/cultura.sma.gob.ar\/2021\/10\/05\/hector-ordonez-el-libro-secreto\/\" data-type=\"post\" data-id=\"2285\">H\u00e9ctor Ordo\u00f1ez<\/a> &#8211; Presentaci\u00f3n libro &#8211; Jueves 14 a las 18:30h<\/li><li><a href=\"http:\/\/cultura.sma.gob.ar\/2021\/10\/05\/gerardo-burton-cantares-de-junio\/\" data-type=\"post\" data-id=\"2399\">Gerardo Burton<\/a> &#8211; Presentaci\u00f3n libro &#8211; Jueves 14 a las 19hs<\/li><li><a href=\"http:\/\/cultura.sma.gob.ar\/2021\/10\/05\/daniela-dini-todos-dejamos-huella\/\" data-type=\"post\" data-id=\"2453\">Daniela Dini<\/a> &#8211; Charla &#8211; Jueves 14 a las 20hs<\/li><li><a href=\"http:\/\/cultura.sma.gob.ar\/2021\/10\/05\/pablo-montanaro-fuerte-al-medio\/\" data-type=\"post\" data-id=\"2264\">Pablo Montanaro<\/a> &#8211; Presentaci\u00f3n libro &#8211; Jueves 14 a las 21hs<\/li><li><a href=\"http:\/\/cultura.sma.gob.ar\/2021\/10\/11\/la-manta-de-las-historias-mariela-de-la-sota\/\" data-type=\"post\" data-id=\"2593\">Mariela de la Sota &#8211;<\/a> Presentaci\u00f3n &#8211; Viernes 15 a las 15hs<\/li><li>Cuenteros Comunitarios &#8211; Espect\u00e1culo &#8211; Viernes 15 a las 16hs<\/li><li>Mar\u00eda Celia Maglione &#8211; <a href=\"http:\/\/cultura.sma.gob.ar\/2021\/10\/05\/maria-celia-maglione-145\/\" data-type=\"post\" data-id=\"2312\">145<\/a> y <a href=\"http:\/\/cultura.sma.gob.ar\/2021\/10\/05\/maria-celia-maglione-distintos-desiguales\/\" data-type=\"post\" data-id=\"2315\">Distintos desiguales<\/a> &#8211; Viernes 15 a las 17hs<\/li><li><a href=\"http:\/\/cultura.sma.gob.ar\/2021\/10\/05\/marime-arancet-ruda-y-luciana-mellado-ciclo-rela\/\" data-type=\"post\" data-id=\"2358\">Ciclo RELA<\/a> &#8211; presentaci\u00f3n &#8211; Viernes 15 a las 18hs<\/li><li><a href=\"http:\/\/cultura.sma.gob.ar\/2021\/10\/05\/luciana-mellado-el-coloquio-de-las-plantas\/\" data-type=\"post\" data-id=\"2252\">Luciana Mellado<\/a>  &#8211; Presentaci\u00f3n libro &#8211; Viernes 15 a las 18:30hs<\/li><li><a href=\"http:\/\/cultura.sma.gob.ar\/2021\/10\/05\/marcela-ferreyra-patagonia-un-paraiso-floristico\/\" data-type=\"post\" data-id=\"2409\">Marcela Ferreyra<\/a> &#8211; Presentaci\u00f3n libro &#8211; Viernes 15 a las 19hs<\/li><li><a href=\"http:\/\/cultura.sma.gob.ar\/2021\/10\/05\/augusto-perez-guarnieri-africa-en-el-aula\/\" data-type=\"post\" data-id=\"2375\">Augusto P\u00e9rez Guarnieri<\/a> &#8211; Presentaci\u00f3n libro &#8211; Viernes 15 a las 20hs<\/li><li><a href=\"http:\/\/cultura.sma.gob.ar\/2021\/10\/05\/nadia-quant-historias-de-la-madre-tierra-y-los-lagos-del-sur\/\" data-type=\"post\" data-id=\"2292\">Nadia Quant<\/a> &#8211; Presentaci\u00f3n libro &#8211; Viernes 15 a las 20:30hs<\/li><li><a href=\"http:\/\/cultura.sma.gob.ar\/2021\/10\/05\/belen-grosso-ruth-zubiggen-brenda-stolze-mariano-skliar-andrea-gonzalez-conversar-la-escuela-complicidades-pedagogicas-para-otra-ternura\/\" data-type=\"post\" data-id=\"2303\">Belen Grosso<\/a> &#8211; Presentaci\u00f3n libro &#8211; Viernes 15 a las 21hs.<\/li><li><a href=\"http:\/\/cultura.sma.gob.ar\/2021\/10\/05\/suyai-anahi-avila-un-tesoro-de-arrecife\/\" data-type=\"post\" data-id=\"2230\">Suyai Avila<\/a> &#8211; Presentaci\u00f3n libro &#8211; S\u00e1bado 16 a las 15hs<\/li><li>La hora del cuento &#8211; S\u00e1bado 16 a las 15:30hs<\/li><li>Reconocimiento a Ana Schiffrin &#8211; S\u00e1bado 16 a las 16hs<\/li><li><a href=\"http:\/\/cultura.sma.gob.ar\/2021\/10\/05\/maria-martha-paz-y-sabina-no-duermete-pichikeche\/\" data-type=\"post\" data-id=\"2234\">Mar\u00eda Martha Paz y Sabina N\u00f3 <\/a>&#8211; presentaci\u00f3n libro &#8211; S\u00e1bado 16 a las 16:30hs<\/li><li>Charla &#8220;Diversidad: reconocer al diferente y darle el espacio&#8221; &#8211; S\u00e1bado 16 a las 17hs<\/li><li><a href=\"http:\/\/cultura.sma.gob.ar\/2021\/10\/05\/jorg-traveria-ramon-y-pilar-una-historia-de-amor-catalana\/\" data-type=\"post\" data-id=\"2327\">Jorge Traver\u00eda<\/a> &#8211; Presentaci\u00f3n libro &#8211; S\u00e1bado 16 a las 17:30hs<\/li><li><a href=\"http:\/\/cultura.sma.gob.ar\/2021\/10\/05\/luis-chauchard-maria-cristina-frugoni-y-otros-guia-practica-de-manejo-de-plantaciones-forestales-en-el-noroeste-de-la-patagonia-para-productores-tecnicos-y-empresas\/\" data-type=\"post\" data-id=\"2297\">Luis Chauchard y Cristina Frugoni<\/a> &#8211; Presentaci\u00f3n &#8211; S\u00e1bado 16 a las 18hs<\/li><li><a href=\"http:\/\/cultura.sma.gob.ar\/2021\/10\/05\/marime-arancet-ruda-vivero\/\" data-type=\"post\" data-id=\"2254\">Marim\u00e9 Ruda<\/a> &#8211; Presentaci\u00f3n libro &#8211; S\u00e1bado 16 a las 18:30h<\/li><li><a href=\"http:\/\/cultura.sma.gob.ar\/2021\/10\/05\/pedro-monzo-la-musica-de-las-palabras\/\" data-type=\"post\" data-id=\"2354\">Pedro Monzo<\/a> &#8211; Presentaci\u00f3n libro &#8211; S\u00e1bado 16 a las 19hs<\/li><li><a href=\"http:\/\/cultura.sma.gob.ar\/2021\/10\/05\/gabriela-borrelli-azara-lecturas-feministas-2\/\" data-type=\"post\" data-id=\"2257\">Gabriela Borrelli <\/a>&#8211; Presentaci\u00f3n libro &#8211; S\u00e1bado 16 a las 20hs<\/li><li><a href=\"http:\/\/cultura.sma.gob.ar\/2021\/10\/05\/colectiva-de-escritoras-patagonicas-nos-queda-el-mundo\/\" data-type=\"post\" data-id=\"2319\">Colectiva de escritoras patag\u00f3nicas<\/a> &#8211; Presentaci\u00f3n libro &#8211; S\u00e1bado 16 a las 21hs<\/li><li><a href=\"http:\/\/cultura.sma.gob.ar\/2021\/10\/05\/pena-literaria-varios-autores\/\" data-type=\"post\" data-id=\"2350\">Pe\u00f1a Literaria &#8211;<\/a> S\u00e1bado 16 a las 21:30hs<\/li><li><a href=\"http:\/\/cultura.sma.gob.ar\/2021\/10\/05\/mesa-redonda-juventud-escritora\/\" data-type=\"post\" data-id=\"2364\">Mesa Redonda Juventud escritora<\/a> &#8211; Domingo 17 a las 16:30hs<\/li><li><a href=\"http:\/\/cultura.sma.gob.ar\/2021\/10\/05\/maria-martha-paz-piedras-y-manzanas\/\" data-type=\"post\" data-id=\"2261\">Mar\u00eda Martha Paz<\/a> &#8211; Presentaci\u00f3n libro &#8211; Domingo 17 a las 17hs<\/li><li><a href=\"http:\/\/cultura.sma.gob.ar\/2021\/10\/05\/homenaje-a-juan-forn\/\" data-type=\"post\" data-id=\"2387\">Homenaje a Juan Forn<\/a> &#8211; Domingo 17 a las 17:30hs<\/li><li><a href=\"http:\/\/cultura.sma.gob.ar\/2021\/10\/05\/los-libros-de-tamara-celebracion-a-la-poetica-de-tamara-kamenszain\/\" data-type=\"post\" data-id=\"2389\">Homenaje a Tamara Kamenszain<\/a> &#8211; Domingo 17 a las 18hs<\/li><li><a href=\"http:\/\/cultura.sma.gob.ar\/2021\/10\/05\/julia-rozemberg-eva-y-las-mujeres-histora-de-una-irreverencia\/\" data-type=\"post\" data-id=\"2259\">Julia Rozemberg<\/a> &#8211; Presentaci\u00f3n libro &#8211; Domingo 17 a las 19hs<\/li><li>Centro Editor Municipal &#8211; Presentaci\u00f3n libro &#8211; Domingo 17 a las 20hs<\/li><li><a href=\"http:\/\/cultura.sma.gob.ar\/2021\/10\/05\/homenaje-a-las-trayectorias-de-marcelo-gobbo-y-carla-potenza\/\" data-type=\"post\" data-id=\"2385\">Homenaje a Marcelo Gobbo y reconocimiento a Carla Potenz<\/a>a &#8211; Domingo 17 a las 21hs<\/li><\/ul>\n","protected":false},"excerpt":{"rendered":"<p>Listado de presentaciones para conocer cada propuesta: Claudia Pi\u00f1eiro &#8211; Conversatorio &#8211; Domingo 10 a las 20hs. MasterClass de Ajedrez &#8211; Marisa Zuriel &#8211; Lunes 11 a las 15:30hs Abel Alexander &#8211; Presentaci\u00f3n libro &#8211; Lunes 11 a las 17:30hs Visita guiada a la exposici\u00f3n fotogr\u00e1fica de Abel Alexander &#8211; lunes 11 a las 18hs. Beatriz Kreitman &#8211; Presentaci\u00f3n libro &#8211; Lunes 11 a las &hellip; <a href=\"https:\/\/cultura.sma.gob.ar\/?p=2467\" class=\"more-link\">Continue reading <span class=\"screen-reader-text\">Presentaciones literarias en Auditorio Sala Chapitel<\/span><\/a><\/p>\n","protected":false},"author":1,"featured_media":2578,"comment_status":"closed","ping_status":"","sticky":false,"template":"","format":"image","meta":{"footnotes":""},"categories":[3,9],"tags":[67],"class_list":["post-2467","post","type-post","status-publish","format-image","has-post-thumbnail","hentry","category-eventos-cultura","category-ultimas-noticias","tag-feria-del-libro","post_format-post-format-image"],"_links":{"self":[{"href":"https:\/\/cultura.sma.gob.ar\/index.php?rest_route=\/wp\/v2\/posts\/2467","targetHints":{"allow":["GET"]}}],"collection":[{"href":"https:\/\/cultura.sma.gob.ar\/index.php?rest_route=\/wp\/v2\/posts"}],"about":[{"href":"https:\/\/cultura.sma.gob.ar\/index.php?rest_route=\/wp\/v2\/types\/post"}],"author":[{"embeddable":true,"href":"https:\/\/cultura.sma.gob.ar\/index.php?rest_route=\/wp\/v2\/users\/1"}],"replies":[{"embeddable":true,"href":"https:\/\/cultura.sma.gob.ar\/index.php?rest_route=%2Fwp%2Fv2%2Fcomments&post=2467"}],"version-history":[{"count":28,"href":"https:\/\/cultura.sma.gob.ar\/index.php?rest_route=\/wp\/v2\/posts\/2467\/revisions"}],"predecessor-version":[{"id":2595,"href":"https:\/\/cultura.sma.gob.ar\/index.php?rest_route=\/wp\/v2\/posts\/2467\/revisions\/2595"}],"wp:featuredmedia":[{"embeddable":true,"href":"https:\/\/cultura.sma.gob.ar\/index.php?rest_route=\/wp\/v2\/media\/2578"}],"wp:attachment":[{"href":"https:\/\/cultura.sma.gob.ar\/index.php?rest_route=%2Fwp%2Fv2%2Fmedia&parent=2467"}],"wp:term":[{"taxonomy":"category","embeddable":true,"href":"https:\/\/cultura.sma.gob.ar\/index.php?rest_route=%2Fwp%2Fv2%2Fcategories&post=2467"},{"taxonomy":"post_tag","embeddable":true,"href":"https:\/\/cultura.sma.gob.ar\/index.php?rest_route=%2Fwp%2Fv2%2Ftags&post=2467"}],"curies":[{"name":"wp","href":"https:\/\/api.w.org\/{rel}","templated":true}]}}