{"id":2457,"date":"2021-10-05T11:17:46","date_gmt":"2021-10-05T14:17:46","guid":{"rendered":"http:\/\/cultura.sma.gob.ar\/?p=2457"},"modified":"2021-10-06T08:48:35","modified_gmt":"2021-10-06T11:48:35","slug":"se-viene-la-15o-feria-regional-del-libro","status":"publish","type":"post","link":"https:\/\/cultura.sma.gob.ar\/?p=2457","title":{"rendered":"Se viene la 15\u00ba Feria Regional del Libro"},"content":{"rendered":"\n<p>Del 10 al 17 de octubre se desarrollar\u00e1 una nueva edici\u00f3n de la tan esperada feria del libro en nuestra localidad. Con m\u00e1s de 60 propuestas, entre presentaciones de libros, conversatorios y talleres, el evento contar\u00e1 con la cl\u00e1sica globa que albergar\u00e1 los stands de venta de libros y algunas sorpresas.<\/p>\n\n\n\n<figure class=\"wp-block-image size-large\"><img loading=\"lazy\" decoding=\"async\" width=\"1024\" height=\"1024\" src=\"http:\/\/cultura.sma.gob.ar\/wp-content\/uploads\/2021\/10\/AFICHE-FDL-21-02-1024x1024.jpg\" alt=\"\" class=\"wp-image-2458\" srcset=\"https:\/\/cultura.sma.gob.ar\/wp-content\/uploads\/2021\/10\/AFICHE-FDL-21-02-1024x1024.jpg 1024w, https:\/\/cultura.sma.gob.ar\/wp-content\/uploads\/2021\/10\/AFICHE-FDL-21-02-300x300.jpg 300w, https:\/\/cultura.sma.gob.ar\/wp-content\/uploads\/2021\/10\/AFICHE-FDL-21-02-150x150.jpg 150w, https:\/\/cultura.sma.gob.ar\/wp-content\/uploads\/2021\/10\/AFICHE-FDL-21-02-768x768.jpg 768w, https:\/\/cultura.sma.gob.ar\/wp-content\/uploads\/2021\/10\/AFICHE-FDL-21-02-1536x1536.jpg 1536w, https:\/\/cultura.sma.gob.ar\/wp-content\/uploads\/2021\/10\/AFICHE-FDL-21-02-90x90.jpg 90w, https:\/\/cultura.sma.gob.ar\/wp-content\/uploads\/2021\/10\/AFICHE-FDL-21-02.jpg 1875w\" sizes=\"auto, (max-width: 1024px) 100vw, 1024px\" \/><\/figure>\n\n\n\n<p>La inauguraci\u00f3n ser\u00e1 el domingo 10 de octubre, a las 19hs, en el auditorio emplazado en la Sala Lidaura Chapitel, donde tendr\u00e1n lugar una gran cantidad de presentaciones y conversatorios. Los stands estar\u00e1n abiertos desde las 14:30hs y hasta el cierre de cada jornada. Adem\u00e1s habr\u00e1 actividades en las Bibliotecas Populares, escuelas y el Teatro Piccolo.<\/p>\n\n\n\n<p>Vale aclarar que para todas las actividades que se desarrollan en modalidad de taller hay que anotarse previamente enviando un mail a <a href=\"mailto:talleres.cultura@smandes.gov.ar\">talleres.cultura@smandes.gov.ar<\/a> <\/p>\n\n\n\n<blockquote class=\"wp-block-quote is-layout-flow wp-block-quote-is-layout-flow\"><p>Conoc\u00e9 el programa completo aqu\u00ed<\/p><cite><a href=\"http:\/\/cultura.sma.gob.ar\/2021\/10\/05\/programa-general-de-la-15o-feria-regional-del-libro\/\" data-type=\"post\" data-id=\"2460\">PROGRAMA 15\u00aa FERIA REGIONAL DEL LIBRO.<\/a><\/cite><\/blockquote>\n\n\n\n<p>Finalmente, los invitamos a compartir esta experiencia con nosotros en Redes Sociales, etiquetando sus fotos con el hashtag <strong>LeeYendo<\/strong> y esperamos que disfruten de esta intensa semana de actividades literarias tanto como nosotros.<\/p>\n\n\n\n<figure class=\"wp-block-image size-large\"><img loading=\"lazy\" decoding=\"async\" width=\"1024\" height=\"1024\" src=\"http:\/\/cultura.sma.gob.ar\/wp-content\/uploads\/2021\/10\/grafica-para-hashtag-a-medida-04-1024x1024.jpg\" alt=\"\" class=\"wp-image-2579\" srcset=\"https:\/\/cultura.sma.gob.ar\/wp-content\/uploads\/2021\/10\/grafica-para-hashtag-a-medida-04-1024x1024.jpg 1024w, https:\/\/cultura.sma.gob.ar\/wp-content\/uploads\/2021\/10\/grafica-para-hashtag-a-medida-04-300x300.jpg 300w, https:\/\/cultura.sma.gob.ar\/wp-content\/uploads\/2021\/10\/grafica-para-hashtag-a-medida-04-150x150.jpg 150w, https:\/\/cultura.sma.gob.ar\/wp-content\/uploads\/2021\/10\/grafica-para-hashtag-a-medida-04-768x768.jpg 768w, https:\/\/cultura.sma.gob.ar\/wp-content\/uploads\/2021\/10\/grafica-para-hashtag-a-medida-04-1536x1536.jpg 1536w, https:\/\/cultura.sma.gob.ar\/wp-content\/uploads\/2021\/10\/grafica-para-hashtag-a-medida-04-90x90.jpg 90w, https:\/\/cultura.sma.gob.ar\/wp-content\/uploads\/2021\/10\/grafica-para-hashtag-a-medida-04.jpg 1875w\" sizes=\"auto, (max-width: 1024px) 100vw, 1024px\" \/><\/figure>\n","protected":false},"excerpt":{"rendered":"<p>Del 10 al 17 de octubre se desarrollar\u00e1 una nueva edici\u00f3n de la tan esperada feria del libro en nuestra localidad. Con m\u00e1s de 60 propuestas, entre presentaciones de libros, conversatorios y talleres, el evento contar\u00e1 con la cl\u00e1sica globa que albergar\u00e1 los stands de venta de libros y algunas sorpresas. La inauguraci\u00f3n ser\u00e1 el domingo 10 de octubre, a las 19hs, en el auditorio &hellip; <a href=\"https:\/\/cultura.sma.gob.ar\/?p=2457\" class=\"more-link\">Continue reading <span class=\"screen-reader-text\">Se viene la 15\u00ba Feria Regional del Libro<\/span><\/a><\/p>\n","protected":false},"author":1,"featured_media":2578,"comment_status":"closed","ping_status":"","sticky":false,"template":"","format":"image","meta":{"footnotes":""},"categories":[3,9],"tags":[67],"class_list":["post-2457","post","type-post","status-publish","format-image","has-post-thumbnail","hentry","category-eventos-cultura","category-ultimas-noticias","tag-feria-del-libro","post_format-post-format-image"],"_links":{"self":[{"href":"https:\/\/cultura.sma.gob.ar\/index.php?rest_route=\/wp\/v2\/posts\/2457","targetHints":{"allow":["GET"]}}],"collection":[{"href":"https:\/\/cultura.sma.gob.ar\/index.php?rest_route=\/wp\/v2\/posts"}],"about":[{"href":"https:\/\/cultura.sma.gob.ar\/index.php?rest_route=\/wp\/v2\/types\/post"}],"author":[{"embeddable":true,"href":"https:\/\/cultura.sma.gob.ar\/index.php?rest_route=\/wp\/v2\/users\/1"}],"replies":[{"embeddable":true,"href":"https:\/\/cultura.sma.gob.ar\/index.php?rest_route=%2Fwp%2Fv2%2Fcomments&post=2457"}],"version-history":[{"count":3,"href":"https:\/\/cultura.sma.gob.ar\/index.php?rest_route=\/wp\/v2\/posts\/2457\/revisions"}],"predecessor-version":[{"id":2581,"href":"https:\/\/cultura.sma.gob.ar\/index.php?rest_route=\/wp\/v2\/posts\/2457\/revisions\/2581"}],"wp:featuredmedia":[{"embeddable":true,"href":"https:\/\/cultura.sma.gob.ar\/index.php?rest_route=\/wp\/v2\/media\/2578"}],"wp:attachment":[{"href":"https:\/\/cultura.sma.gob.ar\/index.php?rest_route=%2Fwp%2Fv2%2Fmedia&parent=2457"}],"wp:term":[{"taxonomy":"category","embeddable":true,"href":"https:\/\/cultura.sma.gob.ar\/index.php?rest_route=%2Fwp%2Fv2%2Fcategories&post=2457"},{"taxonomy":"post_tag","embeddable":true,"href":"https:\/\/cultura.sma.gob.ar\/index.php?rest_route=%2Fwp%2Fv2%2Ftags&post=2457"}],"curies":[{"name":"wp","href":"https:\/\/api.w.org\/{rel}","templated":true}]}}