{"id":2455,"date":"2021-10-05T14:58:20","date_gmt":"2021-10-05T17:58:20","guid":{"rendered":"http:\/\/cultura.sma.gob.ar\/?p=2455"},"modified":"2021-10-05T14:58:20","modified_gmt":"2021-10-05T17:58:20","slug":"daniela-dini-marca-personal-y-storytelling-el-arte-de-contar-historias-en-la-era-de-las-redes-sociales","status":"publish","type":"post","link":"https:\/\/cultura.sma.gob.ar\/?p=2455","title":{"rendered":"Daniela Dini &#8211; \u201cMarca personal y Storytelling: el arte de contar historias en la era de las redes sociales&#8221;"},"content":{"rendered":"\n<h4 class=\"wp-block-heading\">Viernes 15 de octubre a las 17hs &#8211; Centro de visitantes y museo PNL<\/h4>\n\n\n\n<p>Organiza: Secretar\u00eda de Cultura y Secretar\u00eda de Turismo<\/p>\n\n\n\n<p>Un taller sobre el arte de contar historias en los tiempos que corren, integrando las redes sociales y la dimensi\u00f3n de la marca personal, como una manera de contarle al mundo qui\u00e9nes somos y ser conscientes de la huella que dejamos en el mundo por hacer lo que hacemos. A trav\u00e9s de herramientas de narrativa, desarrollo personal y conceptos de redes sociales, comunicaci\u00f3n y storytelling.\u00a0<\/p>\n\n\n\n<p><strong>Daniela Dini <\/strong>(1983), soy periodista, licenciada en Ciencias de la Comunicaci\u00f3n y en Publicidad, pr\u00f3xima a certificarme como Coach Ontol\u00f3gico. Me especializo en Storytelling, marca personal y medios digitales, y en los \u00faltimos 14 a\u00f1os he colaborado en m\u00e1s de una decena de medios l\u00edderes de la Argentina y la regi\u00f3n \u2013diarios, revistas, radio, TV, medios digitales y redes sociales-, en tem\u00e1ticas como turismo, gastronom\u00eda, estilo de vida y desarrollo personal. Viaj\u00e9 a m\u00e1s de 50 ciudades alrededor del mundo, haciendo coberturas period\u00edsticas para distintos medios \u2013Diario La Naci\u00f3n, FM Metro 95.1, Revista Ohlal\u00e1!, entre muchos otros-. Actualmente produzco semanalmente mi ciclo de entrevistas online y en formato podcast, \u2018La Entrevista Inspiradora\u2019, dirijo mi programa de personal branding \u2018Misi\u00f3n Marca Personal\u2019 \u2013 que ya super\u00f3 las 18 ediciones y lleva cerca de 200 asistentes de Argentina y el mundo-, y me dedico a asesorar a marcas, instituciones, empresas y personas en el desarrollo de sus estrategias de comunicaci\u00f3n. Me gusta decir que me dedico a contar historias y a acompa\u00f1ar a otros en encontrar c\u00f3mo contar mejor la propia.&nbsp;<\/p>\n","protected":false},"excerpt":{"rendered":"<p>Viernes 15 de octubre a las 17hs &#8211; Centro de visitantes y museo PNL Organiza: Secretar\u00eda de Cultura y Secretar\u00eda de Turismo Un taller sobre el arte de contar historias en los tiempos que corren, integrando las redes sociales y la dimensi\u00f3n de la marca personal, como una manera de contarle al mundo qui\u00e9nes somos y ser conscientes de la huella que dejamos en el &hellip; <a href=\"https:\/\/cultura.sma.gob.ar\/?p=2455\" class=\"more-link\">Continue reading <span class=\"screen-reader-text\">Daniela Dini &#8211; \u201cMarca personal y Storytelling: el arte de contar historias en la era de las redes sociales&#8221;<\/span><\/a><\/p>\n","protected":false},"author":1,"featured_media":296,"comment_status":"closed","ping_status":"","sticky":false,"template":"","format":"image","meta":{"footnotes":""},"categories":[3,9],"tags":[67],"class_list":["post-2455","post","type-post","status-publish","format-image","has-post-thumbnail","hentry","category-eventos-cultura","category-ultimas-noticias","tag-feria-del-libro","post_format-post-format-image"],"_links":{"self":[{"href":"https:\/\/cultura.sma.gob.ar\/index.php?rest_route=\/wp\/v2\/posts\/2455","targetHints":{"allow":["GET"]}}],"collection":[{"href":"https:\/\/cultura.sma.gob.ar\/index.php?rest_route=\/wp\/v2\/posts"}],"about":[{"href":"https:\/\/cultura.sma.gob.ar\/index.php?rest_route=\/wp\/v2\/types\/post"}],"author":[{"embeddable":true,"href":"https:\/\/cultura.sma.gob.ar\/index.php?rest_route=\/wp\/v2\/users\/1"}],"replies":[{"embeddable":true,"href":"https:\/\/cultura.sma.gob.ar\/index.php?rest_route=%2Fwp%2Fv2%2Fcomments&post=2455"}],"version-history":[{"count":2,"href":"https:\/\/cultura.sma.gob.ar\/index.php?rest_route=\/wp\/v2\/posts\/2455\/revisions"}],"predecessor-version":[{"id":2569,"href":"https:\/\/cultura.sma.gob.ar\/index.php?rest_route=\/wp\/v2\/posts\/2455\/revisions\/2569"}],"wp:featuredmedia":[{"embeddable":true,"href":"https:\/\/cultura.sma.gob.ar\/index.php?rest_route=\/wp\/v2\/media\/296"}],"wp:attachment":[{"href":"https:\/\/cultura.sma.gob.ar\/index.php?rest_route=%2Fwp%2Fv2%2Fmedia&parent=2455"}],"wp:term":[{"taxonomy":"category","embeddable":true,"href":"https:\/\/cultura.sma.gob.ar\/index.php?rest_route=%2Fwp%2Fv2%2Fcategories&post=2455"},{"taxonomy":"post_tag","embeddable":true,"href":"https:\/\/cultura.sma.gob.ar\/index.php?rest_route=%2Fwp%2Fv2%2Ftags&post=2455"}],"curies":[{"name":"wp","href":"https:\/\/api.w.org\/{rel}","templated":true}]}}