{"id":2453,"date":"2021-10-05T12:42:25","date_gmt":"2021-10-05T15:42:25","guid":{"rendered":"http:\/\/cultura.sma.gob.ar\/?p=2453"},"modified":"2021-10-05T12:42:25","modified_gmt":"2021-10-05T15:42:25","slug":"daniela-dini-todos-dejamos-huella","status":"publish","type":"post","link":"https:\/\/cultura.sma.gob.ar\/?p=2453","title":{"rendered":"Daniela Dini &#8211; &#8220;Todos dejamos huella&#8221;"},"content":{"rendered":"\n<h4 class=\"wp-block-heading\">Jueves 14 de octubre a las 20hs &#8211; Auditorio Sala Chapitel<\/h4>\n\n\n\n<p>Organiza: Secretar\u00eda de Cultura y Secretar\u00eda de Turismo<\/p>\n\n\n\n<p>Una charla sobre la huella que dejamos en el mundo por ser qui\u00e9nes somos y hacer lo que hacemos. \u00bfQu\u00e9 historias contamos de qui\u00e9nes somos? \u00bfEst\u00e1n a la altura de lo que venimos a dar?<\/p>\n\n\n\n<p>Una aproximaci\u00f3n a los conceptos de prop\u00f3sito, marca personal y storytelling, a trav\u00e9s de la comunicaci\u00f3n y el desarrollo personal.&nbsp;<\/p>\n\n\n\n<p><strong>Daniela Dini <\/strong>(1983), soy periodista, licenciada en Ciencias de la Comunicaci\u00f3n y en Publicidad, pr\u00f3xima a certificarme como Coach Ontol\u00f3gico. Me especializo en Storytelling, marca personal y medios digitales, y en los \u00faltimos 14 a\u00f1os he colaborado en m\u00e1s de una decena de medios l\u00edderes de la Argentina y la regi\u00f3n \u2013diarios, revistas, radio, TV, medios digitales y redes sociales-, en tem\u00e1ticas como turismo, gastronom\u00eda, estilo de vida y desarrollo personal. Viaj\u00e9 a m\u00e1s de 50 ciudades alrededor del mundo, haciendo coberturas period\u00edsticas para distintos medios \u2013Diario La Naci\u00f3n, FM Metro 95.1, Revista Ohlal\u00e1!, entre muchos otros-. Actualmente produzco semanalmente mi ciclo de entrevistas online y en formato podcast, \u2018La Entrevista Inspiradora\u2019, dirijo mi programa de personal branding \u2018Misi\u00f3n Marca Personal\u2019 \u2013 que ya super\u00f3 las 18 ediciones y lleva cerca de 200 asistentes de Argentina y el mundo-, y me dedico a asesorar a marcas, instituciones, empresas y personas en el desarrollo de sus estrategias de comunicaci\u00f3n. Me gusta decir que me dedico a contar historias y a acompa\u00f1ar a otros en encontrar c\u00f3mo contar mejor la propia.&nbsp;<\/p>\n","protected":false},"excerpt":{"rendered":"<p>Jueves 14 de octubre a las 20hs &#8211; Auditorio Sala Chapitel Organiza: Secretar\u00eda de Cultura y Secretar\u00eda de Turismo Una charla sobre la huella que dejamos en el mundo por ser qui\u00e9nes somos y hacer lo que hacemos. \u00bfQu\u00e9 historias contamos de qui\u00e9nes somos? \u00bfEst\u00e1n a la altura de lo que venimos a dar? Una aproximaci\u00f3n a los conceptos de prop\u00f3sito, marca personal y storytelling, &hellip; <a href=\"https:\/\/cultura.sma.gob.ar\/?p=2453\" class=\"more-link\">Continue reading <span class=\"screen-reader-text\">Daniela Dini &#8211; &#8220;Todos dejamos huella&#8221;<\/span><\/a><\/p>\n","protected":false},"author":1,"featured_media":296,"comment_status":"closed","ping_status":"","sticky":false,"template":"","format":"image","meta":{"footnotes":""},"categories":[3,9],"tags":[67],"class_list":["post-2453","post","type-post","status-publish","format-image","has-post-thumbnail","hentry","category-eventos-cultura","category-ultimas-noticias","tag-feria-del-libro","post_format-post-format-image"],"_links":{"self":[{"href":"https:\/\/cultura.sma.gob.ar\/index.php?rest_route=\/wp\/v2\/posts\/2453","targetHints":{"allow":["GET"]}}],"collection":[{"href":"https:\/\/cultura.sma.gob.ar\/index.php?rest_route=\/wp\/v2\/posts"}],"about":[{"href":"https:\/\/cultura.sma.gob.ar\/index.php?rest_route=\/wp\/v2\/types\/post"}],"author":[{"embeddable":true,"href":"https:\/\/cultura.sma.gob.ar\/index.php?rest_route=\/wp\/v2\/users\/1"}],"replies":[{"embeddable":true,"href":"https:\/\/cultura.sma.gob.ar\/index.php?rest_route=%2Fwp%2Fv2%2Fcomments&post=2453"}],"version-history":[{"count":2,"href":"https:\/\/cultura.sma.gob.ar\/index.php?rest_route=\/wp\/v2\/posts\/2453\/revisions"}],"predecessor-version":[{"id":2514,"href":"https:\/\/cultura.sma.gob.ar\/index.php?rest_route=\/wp\/v2\/posts\/2453\/revisions\/2514"}],"wp:featuredmedia":[{"embeddable":true,"href":"https:\/\/cultura.sma.gob.ar\/index.php?rest_route=\/wp\/v2\/media\/296"}],"wp:attachment":[{"href":"https:\/\/cultura.sma.gob.ar\/index.php?rest_route=%2Fwp%2Fv2%2Fmedia&parent=2453"}],"wp:term":[{"taxonomy":"category","embeddable":true,"href":"https:\/\/cultura.sma.gob.ar\/index.php?rest_route=%2Fwp%2Fv2%2Fcategories&post=2453"},{"taxonomy":"post_tag","embeddable":true,"href":"https:\/\/cultura.sma.gob.ar\/index.php?rest_route=%2Fwp%2Fv2%2Ftags&post=2453"}],"curies":[{"name":"wp","href":"https:\/\/api.w.org\/{rel}","templated":true}]}}