{"id":2451,"date":"2021-10-05T14:48:15","date_gmt":"2021-10-05T17:48:15","guid":{"rendered":"http:\/\/cultura.sma.gob.ar\/?p=2451"},"modified":"2021-10-07T09:23:59","modified_gmt":"2021-10-07T12:23:59","slug":"virginia-gonzalez-taller-de-restauracion-de-papel","status":"publish","type":"post","link":"https:\/\/cultura.sma.gob.ar\/?p=2451","title":{"rendered":"Virginia Gonz\u00e1lez &#8211; &#8220;Taller de restauraci\u00f3n de papel &#8220;"},"content":{"rendered":"\n<h4 class=\"wp-block-heading\">Jueves 14 de octubre y viernes 15, de 9 a 13 y de 14 a 17:30hs &#8211; BP 9 de julio<\/h4>\n\n\n\n<p>Si realiz\u00e1s tareas relacionadas a la custodia de testimonios materiales como revistas, libros o documentos en papel, el <strong>&#8220;Taller de restauraci\u00f3n de papel &#8220;<\/strong> es para vos.&nbsp;<\/p>\n\n\n\n<p>Virginia Gonz\u00e1lez, especialista en la tem\u00e1tica,&nbsp; participar\u00e1 en la XV Feria REgional del Libro y dar\u00e1 una clase te\u00f3rico pr\u00e1ctica sobre el diagn\u00f3stico e intervenci\u00f3n en colecciones documentales, revistas o libros a conservar.&nbsp; Quienes participen podr\u00e1n&nbsp; aprehender a identificar y aplicar los procedimientos b\u00e1sicos y necesarios en&nbsp; la restauraci\u00f3n de documentos en papel.<\/p>\n\n\n\n<p><strong>\u00bfCu\u00e1ndo?<\/strong><\/p>\n\n\n\n<p>La capacitaci\u00f3n se desarrollar\u00e1 a lo largo de dos jornadas: jueves 14 y viernes 15 de octubre.\u00a0<\/p>\n\n\n\n<p>Horario: de 9 a 13hs\/ 14:00 a 17:30hs<\/p>\n\n\n\n<p><strong>\u00bfD\u00f3nde?<\/strong><\/p>\n\n\n\n<p>&nbsp;Biblioteca Popular 9 de Julio<\/p>\n\n\n\n<p><strong>\u00bfC\u00f3mo me inscribo?<\/strong><\/p>\n\n\n\n<p>Enviando tu email a talleres.cultura@smandes.gov.ar, indicando tu nombre, dni, profesi\u00f3n, lugar de trabajo,&nbsp; y n\u00famero de tel\u00e9fono para contactarte, as\u00ed reservamos tu lugar&nbsp;<\/p>\n\n\n\n<p>Debido a que el cupo es limitado, se priorizar\u00e1 en la inscripci\u00f3n la solicitud de personas&nbsp; que se desempe\u00f1en en estos rubros: bibliotecas hemerotecas, museos y reservorios culturales en general.<\/p>\n\n\n\n<p><strong>\u00bf<\/strong><strong>Qu\u00e9 necesito para participar?<\/strong><\/p>\n\n\n\n<ul class=\"wp-block-list\"><li>libro, revista o documento que a simple vista consideres que necesita ser intervenido para mejorar su conservaci\u00f3n y que puedas usarlo como objeto de pr\u00e1ctica<\/li><li>pinceletas de pelo suave, en lo posible sin partes met\u00e1licas<\/li><li>pinceles delgados n\u00b03, 4, 5, redondos y chatos<\/li><li>pinza de joyero o de disecci\u00f3n<\/li><li>lupa &#8221; cuentahilos&#8221; o de 100x<\/li><li>4 frascos de vidrios con tapa (de tipo de yogurt)<\/li><li>Delantal o Ambo&nbsp;<\/li><li>Goma de pvc blanda (tipo &#8220;staedtler&#8221;)<\/li><li>L\u00e1piz de graffito blando<\/li><li>rallador de queso (en lo posible nuevo, de pl\u00e1stico y peque\u00f1o)<\/li><\/ul>\n\n\n\n<p>Si no posees alguno de estos elementos, av\u00edsanos y veremos  de facilitarte el material para el desarrollo del taller.<\/p>\n","protected":false},"excerpt":{"rendered":"<p>Jueves 14 de octubre y viernes 15, de 9 a 13 y de 14 a 17:30hs &#8211; BP 9 de julio Si realiz\u00e1s tareas relacionadas a la custodia de testimonios materiales como revistas, libros o documentos en papel, el &#8220;Taller de restauraci\u00f3n de papel &#8220; es para vos.&nbsp; Virginia Gonz\u00e1lez, especialista en la tem\u00e1tica,&nbsp; participar\u00e1 en la XV Feria REgional del Libro y dar\u00e1 una &hellip; <a href=\"https:\/\/cultura.sma.gob.ar\/?p=2451\" class=\"more-link\">Continue reading <span class=\"screen-reader-text\">Virginia Gonz\u00e1lez &#8211; &#8220;Taller de restauraci\u00f3n de papel &#8220;<\/span><\/a><\/p>\n","protected":false},"author":1,"featured_media":296,"comment_status":"closed","ping_status":"","sticky":false,"template":"","format":"image","meta":{"footnotes":""},"categories":[3,9],"tags":[67],"class_list":["post-2451","post","type-post","status-publish","format-image","has-post-thumbnail","hentry","category-eventos-cultura","category-ultimas-noticias","tag-feria-del-libro","post_format-post-format-image"],"_links":{"self":[{"href":"https:\/\/cultura.sma.gob.ar\/index.php?rest_route=\/wp\/v2\/posts\/2451","targetHints":{"allow":["GET"]}}],"collection":[{"href":"https:\/\/cultura.sma.gob.ar\/index.php?rest_route=\/wp\/v2\/posts"}],"about":[{"href":"https:\/\/cultura.sma.gob.ar\/index.php?rest_route=\/wp\/v2\/types\/post"}],"author":[{"embeddable":true,"href":"https:\/\/cultura.sma.gob.ar\/index.php?rest_route=\/wp\/v2\/users\/1"}],"replies":[{"embeddable":true,"href":"https:\/\/cultura.sma.gob.ar\/index.php?rest_route=%2Fwp%2Fv2%2Fcomments&post=2451"}],"version-history":[{"count":3,"href":"https:\/\/cultura.sma.gob.ar\/index.php?rest_route=\/wp\/v2\/posts\/2451\/revisions"}],"predecessor-version":[{"id":2583,"href":"https:\/\/cultura.sma.gob.ar\/index.php?rest_route=\/wp\/v2\/posts\/2451\/revisions\/2583"}],"wp:featuredmedia":[{"embeddable":true,"href":"https:\/\/cultura.sma.gob.ar\/index.php?rest_route=\/wp\/v2\/media\/296"}],"wp:attachment":[{"href":"https:\/\/cultura.sma.gob.ar\/index.php?rest_route=%2Fwp%2Fv2%2Fmedia&parent=2451"}],"wp:term":[{"taxonomy":"category","embeddable":true,"href":"https:\/\/cultura.sma.gob.ar\/index.php?rest_route=%2Fwp%2Fv2%2Fcategories&post=2451"},{"taxonomy":"post_tag","embeddable":true,"href":"https:\/\/cultura.sma.gob.ar\/index.php?rest_route=%2Fwp%2Fv2%2Ftags&post=2451"}],"curies":[{"name":"wp","href":"https:\/\/api.w.org\/{rel}","templated":true}]}}