{"id":2448,"date":"2021-10-05T12:23:32","date_gmt":"2021-10-05T15:23:32","guid":{"rendered":"http:\/\/cultura.sma.gob.ar\/?p=2448"},"modified":"2021-10-05T12:23:32","modified_gmt":"2021-10-05T15:23:32","slug":"virginia-gonzalez-la-materialidad-de-las-palabras","status":"publish","type":"post","link":"https:\/\/cultura.sma.gob.ar\/?p=2448","title":{"rendered":"Virginia Gonzalez &#8211; La materialidad de las palabras"},"content":{"rendered":"\n<h4 class=\"wp-block-heading\">Mi\u00e9rcoles 13 de octubre a las 18hs &#8211; Auditorio Sala Chapitel<\/h4>\n\n\n\n<p>Organiza: Secretar\u00eda de Cultura.<\/p>\n\n\n\n<p> Los puntos de abordaje de la conferencia ser\u00e1n Literatura y objetos librarios. Considerando al libro como objeto. La relaci\u00f3n de Domingo F. Sarmiento con la materialidad y la literatura. Para ello se mostrar\u00e1n las distintas ediciones del Facundo con que cuenta el Museo Hist\u00f3rico Sarmiento: su papel, la encuadernaci\u00f3n, los tama\u00f1os, tintas. Todo este patrimonio asociado a la figura de Sarmiento y sus ediciones: recuerdos de Provincia, Facundo, viajes, Particularidades y detalles de imprenta.&nbsp; El per\u00edodo a abordar ser\u00e1 desde 1845 en adelante.<\/p>\n\n\n\n<p><strong>Sobre la disertante: <\/strong>Actualmente Directora del Museo Hist\u00f3rico Sarmiento. Directora de Estudios de la Facultad de Artes de la UMSA. Presidente de ASINPPAC. Licenciada en Museolog\u00eda, especializada en restauraci\u00f3n de libros y documentos. Mag\u00edster Internacional en Direcci\u00f3n y Gesti\u00f3n de Museos por Esneca Bussines School. Diplomada en gesti\u00f3n cultural por UNSAM, Diplomada en Gesti\u00f3n con orientaci\u00f3n en colecciones por ILAM. Actualmente tiene una tesis de maestr\u00eda en historia con orientaci\u00f3n en Artes esperando su defensa. Cursando Maestr\u00eda en Curadur\u00eda en la UNTREF. 2002\/2018 responsable del \u00c1rea de Gesti\u00f3n de Colecciones del Museo Nacional del Cabildo. Es docente de las Universidad del Museo Social Argentino, en la carrera Tasaci\u00f3n y valuaci\u00f3n de obras de arte, docente de la Escuela Nacional de Museolog\u00eda. Asesora de Diversas Instituciones Nacionales en el Tema de Diagn\u00f3stico de Colecciones, Conservaci\u00f3n Restauraci\u00f3n y Salvataje de colecciones documentales. Organizadora de distintos congresos culturales y de conservaci\u00f3n.<\/p>\n","protected":false},"excerpt":{"rendered":"<p>Mi\u00e9rcoles 13 de octubre a las 18hs &#8211; Auditorio Sala Chapitel Organiza: Secretar\u00eda de Cultura. Los puntos de abordaje de la conferencia ser\u00e1n Literatura y objetos librarios. Considerando al libro como objeto. La relaci\u00f3n de Domingo F. Sarmiento con la materialidad y la literatura. Para ello se mostrar\u00e1n las distintas ediciones del Facundo con que cuenta el Museo Hist\u00f3rico Sarmiento: su papel, la encuadernaci\u00f3n, los &hellip; <a href=\"https:\/\/cultura.sma.gob.ar\/?p=2448\" class=\"more-link\">Continue reading <span class=\"screen-reader-text\">Virginia Gonzalez &#8211; La materialidad de las palabras<\/span><\/a><\/p>\n","protected":false},"author":1,"featured_media":296,"comment_status":"closed","ping_status":"","sticky":false,"template":"","format":"image","meta":{"footnotes":""},"categories":[3,9],"tags":[67],"class_list":["post-2448","post","type-post","status-publish","format-image","has-post-thumbnail","hentry","category-eventos-cultura","category-ultimas-noticias","tag-feria-del-libro","post_format-post-format-image"],"_links":{"self":[{"href":"https:\/\/cultura.sma.gob.ar\/index.php?rest_route=\/wp\/v2\/posts\/2448","targetHints":{"allow":["GET"]}}],"collection":[{"href":"https:\/\/cultura.sma.gob.ar\/index.php?rest_route=\/wp\/v2\/posts"}],"about":[{"href":"https:\/\/cultura.sma.gob.ar\/index.php?rest_route=\/wp\/v2\/types\/post"}],"author":[{"embeddable":true,"href":"https:\/\/cultura.sma.gob.ar\/index.php?rest_route=\/wp\/v2\/users\/1"}],"replies":[{"embeddable":true,"href":"https:\/\/cultura.sma.gob.ar\/index.php?rest_route=%2Fwp%2Fv2%2Fcomments&post=2448"}],"version-history":[{"count":2,"href":"https:\/\/cultura.sma.gob.ar\/index.php?rest_route=\/wp\/v2\/posts\/2448\/revisions"}],"predecessor-version":[{"id":2502,"href":"https:\/\/cultura.sma.gob.ar\/index.php?rest_route=\/wp\/v2\/posts\/2448\/revisions\/2502"}],"wp:featuredmedia":[{"embeddable":true,"href":"https:\/\/cultura.sma.gob.ar\/index.php?rest_route=\/wp\/v2\/media\/296"}],"wp:attachment":[{"href":"https:\/\/cultura.sma.gob.ar\/index.php?rest_route=%2Fwp%2Fv2%2Fmedia&parent=2448"}],"wp:term":[{"taxonomy":"category","embeddable":true,"href":"https:\/\/cultura.sma.gob.ar\/index.php?rest_route=%2Fwp%2Fv2%2Fcategories&post=2448"},{"taxonomy":"post_tag","embeddable":true,"href":"https:\/\/cultura.sma.gob.ar\/index.php?rest_route=%2Fwp%2Fv2%2Ftags&post=2448"}],"curies":[{"name":"wp","href":"https:\/\/api.w.org\/{rel}","templated":true}]}}