{"id":2445,"date":"2021-10-05T14:32:51","date_gmt":"2021-10-05T17:32:51","guid":{"rendered":"http:\/\/cultura.sma.gob.ar\/?p=2445"},"modified":"2021-10-05T14:32:51","modified_gmt":"2021-10-05T17:32:51","slug":"marisa-zuriel-partida-simultanea-de-ajedrez","status":"publish","type":"post","link":"https:\/\/cultura.sma.gob.ar\/?p=2445","title":{"rendered":"Marisa Zuriel &#8211; Partida simult\u00e1nea de ajedrez"},"content":{"rendered":"\n<h4 class=\"wp-block-heading\">Martes 12 de octubre a las 17hs &#8211; Ingreso a la feria.<\/h4>\n\n\n\n<p><strong>Con la Maestra Internacional de Ajedrez Marisa Zuriel<\/strong><\/p>\n\n\n\n<p><strong>Martes 12 de octubre, <\/strong>17hs. En el ingreso a la Feria (o en el Teatro San Jos\u00e9 si hubiera mal tiempo).<\/p>\n\n\n\n<p>Destinatarios: p\u00fablico con alg\u00fan conocimiento previo. P\u00fablico en general de cualquier edad y nivel de juego.<\/p>\n\n\n\n<p>Mostrar c\u00f3mo es el entrenamiento en ajedrez, tanto desde lo ajedrec\u00edstico propiamente dicho, como desde el punto de vista psicol\u00f3gico, que es tan importante en todos los deportes. Mostrar ejemplos de partidas. Que el p\u00fablico pueda desafiar a la maestra y probar sus conocimientos. Ver las posibilidades de mejora. La docente jugar\u00e1 al mismo tiempo con una cantidad determinada de participantes.<\/p>\n","protected":false},"excerpt":{"rendered":"<p>Martes 12 de octubre a las 17hs &#8211; Ingreso a la feria. Con la Maestra Internacional de Ajedrez Marisa Zuriel Martes 12 de octubre, 17hs. En el ingreso a la Feria (o en el Teatro San Jos\u00e9 si hubiera mal tiempo). Destinatarios: p\u00fablico con alg\u00fan conocimiento previo. P\u00fablico en general de cualquier edad y nivel de juego. Mostrar c\u00f3mo es el entrenamiento en ajedrez, tanto &hellip; <a href=\"https:\/\/cultura.sma.gob.ar\/?p=2445\" class=\"more-link\">Continue reading <span class=\"screen-reader-text\">Marisa Zuriel &#8211; Partida simult\u00e1nea de ajedrez<\/span><\/a><\/p>\n","protected":false},"author":1,"featured_media":296,"comment_status":"closed","ping_status":"","sticky":false,"template":"","format":"image","meta":{"footnotes":""},"categories":[3,9],"tags":[67],"class_list":["post-2445","post","type-post","status-publish","format-image","has-post-thumbnail","hentry","category-eventos-cultura","category-ultimas-noticias","tag-feria-del-libro","post_format-post-format-image"],"_links":{"self":[{"href":"https:\/\/cultura.sma.gob.ar\/index.php?rest_route=\/wp\/v2\/posts\/2445","targetHints":{"allow":["GET"]}}],"collection":[{"href":"https:\/\/cultura.sma.gob.ar\/index.php?rest_route=\/wp\/v2\/posts"}],"about":[{"href":"https:\/\/cultura.sma.gob.ar\/index.php?rest_route=\/wp\/v2\/types\/post"}],"author":[{"embeddable":true,"href":"https:\/\/cultura.sma.gob.ar\/index.php?rest_route=\/wp\/v2\/users\/1"}],"replies":[{"embeddable":true,"href":"https:\/\/cultura.sma.gob.ar\/index.php?rest_route=%2Fwp%2Fv2%2Fcomments&post=2445"}],"version-history":[{"count":2,"href":"https:\/\/cultura.sma.gob.ar\/index.php?rest_route=\/wp\/v2\/posts\/2445\/revisions"}],"predecessor-version":[{"id":2556,"href":"https:\/\/cultura.sma.gob.ar\/index.php?rest_route=\/wp\/v2\/posts\/2445\/revisions\/2556"}],"wp:featuredmedia":[{"embeddable":true,"href":"https:\/\/cultura.sma.gob.ar\/index.php?rest_route=\/wp\/v2\/media\/296"}],"wp:attachment":[{"href":"https:\/\/cultura.sma.gob.ar\/index.php?rest_route=%2Fwp%2Fv2%2Fmedia&parent=2445"}],"wp:term":[{"taxonomy":"category","embeddable":true,"href":"https:\/\/cultura.sma.gob.ar\/index.php?rest_route=%2Fwp%2Fv2%2Fcategories&post=2445"},{"taxonomy":"post_tag","embeddable":true,"href":"https:\/\/cultura.sma.gob.ar\/index.php?rest_route=%2Fwp%2Fv2%2Ftags&post=2445"}],"curies":[{"name":"wp","href":"https:\/\/api.w.org\/{rel}","templated":true}]}}