{"id":2441,"date":"2021-10-05T11:30:17","date_gmt":"2021-10-05T14:30:17","guid":{"rendered":"http:\/\/cultura.sma.gob.ar\/?p=2441"},"modified":"2021-10-05T11:30:17","modified_gmt":"2021-10-05T14:30:17","slug":"marisa-zuriel-masterclass-de-ajedrez","status":"publish","type":"post","link":"https:\/\/cultura.sma.gob.ar\/?p=2441","title":{"rendered":"Marisa Zuriel &#8211; MasterClass de Ajedrez"},"content":{"rendered":"\n<h4 class=\"wp-block-heading\"><strong>Lunes 11 de octubre, 15:30hs &#8211; Auditorio de la Feria.\u00a0<\/strong><\/h4>\n\n\n\n<p>Organiza: Secretar\u00eda de Cultura<\/p>\n\n\n\n<p>El objetivo de la actividad es mostrar c\u00f3mo es el entrenamiento en ajedrez, tanto desde lo ajedrec\u00edstico propiamente dicho, como desde el punto de vista psicol\u00f3gico, que es tan importante en todos los deportes. Mostrar ejemplos de partidas. Que el p\u00fablico pueda desafiar a la maestra y probar sus conocimientos. Ver las posibilidades de mejora.<\/p>\n\n\n\n<p>Destinatarios: p\u00fablico con alg\u00fan conocimiento previo. P\u00fablico en general de cualquier edad y nivel de juego.<\/p>\n\n\n\n<p>Se brindar\u00e1 una charla\/clase con un tablero mural, abierto al p\u00fablico. En ella mostrar\u00e1 partidas y conceptos importantes. Y contar\u00e1 adem\u00e1s muchas de sus experiencias como ajedrecista en torneos.&nbsp;<\/p>\n\n\n\n<p>La docente a cargo es Maestra Internacional de Ajedrez (WIM: Woman International Master), con una norma de Gran Maestra Internacional de Ajedrez (WGM). Adem\u00e1s es Contadora P\u00fablica Nacional recibida en la Universidad de Buenos Aires (UBA), y actualmente est\u00e1 terminando la Licenciatura en Administraci\u00f3n tambi\u00e9n en la UBA.<\/p>\n\n\n\n<p>Respecto de su carrera como ajedrecista, comenz\u00f3 a jugar ajedrez a los 9 a\u00f1os de edad. Actualmente ocupa el puesto n\u00b0 4 del ajedrez femenino del pa\u00eds, fue Campeona Argentina Superior en dos oportunidades (2005 y 2012), represent\u00f3 a la Argentina en 8 Olimp\u00edadas (2000, 2002, 2006, 2008, 2010, 2014, 2016, 2018), represent\u00f3 a la Argentina en 3 Campeonatos Mundiales de Mayores, 1 categor\u00eda sub-18 y 1 categor\u00eda sub-20. Fue Campeona Continental Femenina en 2007, 2 veces sub-campeona. Campeona Zonal Femenina en 2009, y varias veces sub-campeona. Sub-campeona Panamericana en el a\u00f1o 2000. Campeona Argentina sub-18 y sub-20. Obtuvo 4 medallas de oro consecutivas en los Torneos Juveniles Bonaerenses. 2 veces nominada a los Premios Olimpia. Representa al Club de Ajedrez de Villa del Parque y a la Organizaci\u00f3n Marcel Duchamp. Hace 3 a\u00f1os, adem\u00e1s de competir, se dedica a la ense\u00f1anza del juego ciencia.<\/p>\n","protected":false},"excerpt":{"rendered":"<p>Lunes 11 de octubre, 15:30hs &#8211; Auditorio de la Feria.\u00a0 Organiza: Secretar\u00eda de Cultura El objetivo de la actividad es mostrar c\u00f3mo es el entrenamiento en ajedrez, tanto desde lo ajedrec\u00edstico propiamente dicho, como desde el punto de vista psicol\u00f3gico, que es tan importante en todos los deportes. Mostrar ejemplos de partidas. Que el p\u00fablico pueda desafiar a la maestra y probar sus conocimientos. Ver &hellip; <a href=\"https:\/\/cultura.sma.gob.ar\/?p=2441\" class=\"more-link\">Continue reading <span class=\"screen-reader-text\">Marisa Zuriel &#8211; MasterClass de Ajedrez<\/span><\/a><\/p>\n","protected":false},"author":1,"featured_media":296,"comment_status":"closed","ping_status":"","sticky":false,"template":"","format":"image","meta":{"footnotes":""},"categories":[3,9],"tags":[67],"class_list":["post-2441","post","type-post","status-publish","format-image","has-post-thumbnail","hentry","category-eventos-cultura","category-ultimas-noticias","tag-feria-del-libro","post_format-post-format-image"],"_links":{"self":[{"href":"https:\/\/cultura.sma.gob.ar\/index.php?rest_route=\/wp\/v2\/posts\/2441","targetHints":{"allow":["GET"]}}],"collection":[{"href":"https:\/\/cultura.sma.gob.ar\/index.php?rest_route=\/wp\/v2\/posts"}],"about":[{"href":"https:\/\/cultura.sma.gob.ar\/index.php?rest_route=\/wp\/v2\/types\/post"}],"author":[{"embeddable":true,"href":"https:\/\/cultura.sma.gob.ar\/index.php?rest_route=\/wp\/v2\/users\/1"}],"replies":[{"embeddable":true,"href":"https:\/\/cultura.sma.gob.ar\/index.php?rest_route=%2Fwp%2Fv2%2Fcomments&post=2441"}],"version-history":[{"count":2,"href":"https:\/\/cultura.sma.gob.ar\/index.php?rest_route=\/wp\/v2\/posts\/2441\/revisions"}],"predecessor-version":[{"id":2469,"href":"https:\/\/cultura.sma.gob.ar\/index.php?rest_route=\/wp\/v2\/posts\/2441\/revisions\/2469"}],"wp:featuredmedia":[{"embeddable":true,"href":"https:\/\/cultura.sma.gob.ar\/index.php?rest_route=\/wp\/v2\/media\/296"}],"wp:attachment":[{"href":"https:\/\/cultura.sma.gob.ar\/index.php?rest_route=%2Fwp%2Fv2%2Fmedia&parent=2441"}],"wp:term":[{"taxonomy":"category","embeddable":true,"href":"https:\/\/cultura.sma.gob.ar\/index.php?rest_route=%2Fwp%2Fv2%2Fcategories&post=2441"},{"taxonomy":"post_tag","embeddable":true,"href":"https:\/\/cultura.sma.gob.ar\/index.php?rest_route=%2Fwp%2Fv2%2Ftags&post=2441"}],"curies":[{"name":"wp","href":"https:\/\/api.w.org\/{rel}","templated":true}]}}