{"id":2436,"date":"2021-10-05T08:38:05","date_gmt":"2021-10-05T11:38:05","guid":{"rendered":"http:\/\/cultura.sma.gob.ar\/?p=2436"},"modified":"2021-10-05T08:38:05","modified_gmt":"2021-10-05T11:38:05","slug":"convocan-para-la-exposicion-itinerantearden-fogatas-de-emancipacion-femenina","status":"publish","type":"post","link":"https:\/\/cultura.sma.gob.ar\/?p=2436","title":{"rendered":"CONVOCAN PARA LA EXPOSICI\u00d3N ITINERANTE&#8221;ARDEN FOGATAS DE EMANCIPACI\u00d3N FEMENINA&#8221;"},"content":{"rendered":"\n<figure class=\"wp-block-image size-large\"><img loading=\"lazy\" decoding=\"async\" width=\"576\" height=\"1024\" src=\"http:\/\/cultura.sma.gob.ar\/wp-content\/uploads\/2021\/10\/UG-576x1024.jpg\" alt=\"\" class=\"wp-image-2437\" srcset=\"https:\/\/cultura.sma.gob.ar\/wp-content\/uploads\/2021\/10\/UG-576x1024.jpg 576w, https:\/\/cultura.sma.gob.ar\/wp-content\/uploads\/2021\/10\/UG-169x300.jpg 169w, https:\/\/cultura.sma.gob.ar\/wp-content\/uploads\/2021\/10\/UG-51x90.jpg 51w, https:\/\/cultura.sma.gob.ar\/wp-content\/uploads\/2021\/10\/UG.jpg 720w\" sizes=\"auto, (max-width: 576px) 100vw, 576px\" \/><\/figure>\n\n\n\n<p><br>Urbe Gr\u00e1fica editorial, con el apoyo del <strong>Fondo Nacional de las Artes<\/strong>, desarrollar\u00e1 una exposici\u00f3n itinerante para celebrar el 110\u00b0 aniversario del primer voto femenino del pa\u00eds y de Sudam\u00e9rica (26 de noviembre de 1911), bajo el nombre \u201cArden fogatas de emancipaci\u00f3n femenina\u201d.<br>Inspirada en el libro &#8220;Paloma Blanca &#8211; Biograf\u00eda de Julieta Lanteri&#8221;, la exposici\u00f3n propone: generar un espacio de encuentro, sensibilidad, visibilizaci\u00f3n y compromiso social y fomentar el debate sobre nuestra historia, nuestra identidad y la lucha por la igualdad de derechos, ayer y hoy, entre otros objetivos.<br>Con motivo de la celebraci\u00f3n, el 4 de octubre se abre una CONVOCATORIA destinada a fot\u00f3grafos y artistas visuales. Las im\u00e1genes seleccionadas formar\u00e1n parte de un mural colectivo en el entorno de la exposici\u00f3n itinerante citada.<br>Las bases y condiciones se pueden ver en <a rel=\"noreferrer noopener\" href=\"https:\/\/correo.smandes.gov.ar\/owa\/redir.aspx?C=9439b91636e5455eadabd6262b5cfc54&amp;URL=https%3a%2f%2fforms.gle%2fDqK5VqU8tNso1zab7%3ffbclid%3dIwAR2r1vEnGHFjydfB6yWy80XiKqNjl3rMpcKhiIKdZMILvY9z0Rt0uH3bp5k\" target=\"_blank\">https:\/\/forms.gle\/DqK5VqU8tNso1zab7<\/a><br>Vale resaltar que la reedici\u00f3n del libro &#8220;Paloma Blanca-Biograf\u00eda de Julieta Lanteri&#8221;, publicado en San Mart\u00edn de los Andes, es de A.M. de Mena, tiene pr\u00f3logo de Eduardo Bedetti y obtuvo reconocimientos nacionales.<br>Aqu\u00ed se honra a la destacada luchadora en la Plazoleta Julieta Lanteri, espacio p\u00fablico impulsado por la Asociaci\u00f3n Italiana de San Mart\u00edn de los Andes. Durante el centenario del primer sufragio, en 2011 fue reconocida por el Colegio de Profesionales en el Arte de Curar (COPAC) que impuso a su Biblioteca el nombre de la destacada m\u00e9dica \u00edtalo-argentina y tambi\u00e9n la homenajea el Asentamiento Universitario local, con una placa y un array\u00e1n plantado en el predio institucional en memoria de la feminista.<\/p>\n","protected":false},"excerpt":{"rendered":"<p>Urbe Gr\u00e1fica editorial, con el apoyo del Fondo Nacional de las Artes, desarrollar\u00e1 una exposici\u00f3n itinerante para celebrar el 110\u00b0 aniversario del primer voto femenino del pa\u00eds y de Sudam\u00e9rica (26 de noviembre de 1911), bajo el nombre \u201cArden fogatas de emancipaci\u00f3n femenina\u201d.Inspirada en el libro &#8220;Paloma Blanca &#8211; Biograf\u00eda de Julieta Lanteri&#8221;, la exposici\u00f3n propone: generar un espacio de encuentro, sensibilidad, visibilizaci\u00f3n y compromiso &hellip; <a href=\"https:\/\/cultura.sma.gob.ar\/?p=2436\" class=\"more-link\">Continue reading <span class=\"screen-reader-text\">CONVOCAN PARA LA EXPOSICI\u00d3N ITINERANTE&#8221;ARDEN FOGATAS DE EMANCIPACI\u00d3N FEMENINA&#8221;<\/span><\/a><\/p>\n","protected":false},"author":1,"featured_media":297,"comment_status":"closed","ping_status":"","sticky":false,"template":"","format":"image","meta":{"footnotes":""},"categories":[2],"tags":[70],"class_list":["post-2436","post","type-post","status-publish","format-image","has-post-thumbnail","hentry","category-ciudad-cultural","tag-convocatoria","post_format-post-format-image"],"_links":{"self":[{"href":"https:\/\/cultura.sma.gob.ar\/index.php?rest_route=\/wp\/v2\/posts\/2436","targetHints":{"allow":["GET"]}}],"collection":[{"href":"https:\/\/cultura.sma.gob.ar\/index.php?rest_route=\/wp\/v2\/posts"}],"about":[{"href":"https:\/\/cultura.sma.gob.ar\/index.php?rest_route=\/wp\/v2\/types\/post"}],"author":[{"embeddable":true,"href":"https:\/\/cultura.sma.gob.ar\/index.php?rest_route=\/wp\/v2\/users\/1"}],"replies":[{"embeddable":true,"href":"https:\/\/cultura.sma.gob.ar\/index.php?rest_route=%2Fwp%2Fv2%2Fcomments&post=2436"}],"version-history":[{"count":1,"href":"https:\/\/cultura.sma.gob.ar\/index.php?rest_route=\/wp\/v2\/posts\/2436\/revisions"}],"predecessor-version":[{"id":2438,"href":"https:\/\/cultura.sma.gob.ar\/index.php?rest_route=\/wp\/v2\/posts\/2436\/revisions\/2438"}],"wp:featuredmedia":[{"embeddable":true,"href":"https:\/\/cultura.sma.gob.ar\/index.php?rest_route=\/wp\/v2\/media\/297"}],"wp:attachment":[{"href":"https:\/\/cultura.sma.gob.ar\/index.php?rest_route=%2Fwp%2Fv2%2Fmedia&parent=2436"}],"wp:term":[{"taxonomy":"category","embeddable":true,"href":"https:\/\/cultura.sma.gob.ar\/index.php?rest_route=%2Fwp%2Fv2%2Fcategories&post=2436"},{"taxonomy":"post_tag","embeddable":true,"href":"https:\/\/cultura.sma.gob.ar\/index.php?rest_route=%2Fwp%2Fv2%2Ftags&post=2436"}],"curies":[{"name":"wp","href":"https:\/\/api.w.org\/{rel}","templated":true}]}}