{"id":2432,"date":"2021-10-05T14:31:25","date_gmt":"2021-10-05T17:31:25","guid":{"rendered":"http:\/\/cultura.sma.gob.ar\/?p=2432"},"modified":"2021-10-05T14:31:25","modified_gmt":"2021-10-05T17:31:25","slug":"curso-de-historia-de-la-fotografia-argentina-conservacion-preservacion-e-identificacion-de-antiguas-fotografias-de-san-martin-de-los-andes","status":"publish","type":"post","link":"https:\/\/cultura.sma.gob.ar\/?p=2432","title":{"rendered":"Curso de Historia de la Fotograf\u00eda Argentina \u2013 Conservaci\u00f3n, preservaci\u00f3n e identificaci\u00f3n de antiguas fotograf\u00edas de San Mart\u00edn de los Andes."},"content":{"rendered":"\n<h4 class=\"wp-block-heading\">Martes 12 de octubre de 9 a 13h y de 14:30 a 18:30hs &#8211; BP 9 de Julio<\/h4>\n\n\n\n<p><strong>Si sos muse\u00f3logo, archivista, bibliotecario, fot\u00f3grafo, coleccionista de fotograf\u00edas o trabaj\u00e1s en tareas vinculadas a la conservaci\u00f3n de im\u00e1genes&#8230;\u00a1No te lo pod\u00e9s perder!<\/strong><\/p>\n\n\n\n<p>El muy reconocido experto en fotograf\u00eda hist\u00f3rica Abel Alexander ofrecer\u00e1 una capacitaci\u00f3n intensiva sobre investigaci\u00f3n, identificaci\u00f3n, preservaci\u00f3n y conservaci\u00f3n del material fotogr\u00e1fico hist\u00f3rico.&nbsp;<\/p>\n\n\n\n<p>Ideal para personas que trabajan en&nbsp; la preservaci\u00f3n del patrimonio de la comunidad. Cada participante puede acercar muestras de fotograf\u00edas que necesiten identificar<\/p>\n\n\n\n<p><strong>\u00bf<\/strong><strong>cu\u00e1ndo?<\/strong><\/p>\n\n\n\n<p>D\u00eda: Martes 12 de Octubre<\/p>\n\n\n\n<p>Horario: de 9 a 13hs\/ 14:30 a 18:30<\/p>\n\n\n\n<p><strong>\u00bf<\/strong><strong>d\u00f3nde?<\/strong><\/p>\n\n\n\n<p>Lugar: Biblioteca Popular 9 de Julio. (Calle Gral. Roca 1223)<\/p>\n\n\n\n<p><strong>\u00bf<\/strong><strong>c\u00f3mo me inscribo?<\/strong><\/p>\n\n\n\n<p>Mandanos un email a talleres.cultura@smandes.gov.ar, indicando tu nombre, dni, y n\u00famero de tel\u00e9fono para contactarte, as\u00ed reservamos tu lugar (los cupos son limitados).&nbsp;<\/p>\n","protected":false},"excerpt":{"rendered":"<p>Martes 12 de octubre de 9 a 13h y de 14:30 a 18:30hs &#8211; BP 9 de Julio Si sos muse\u00f3logo, archivista, bibliotecario, fot\u00f3grafo, coleccionista de fotograf\u00edas o trabaj\u00e1s en tareas vinculadas a la conservaci\u00f3n de im\u00e1genes&#8230;\u00a1No te lo pod\u00e9s perder! El muy reconocido experto en fotograf\u00eda hist\u00f3rica Abel Alexander ofrecer\u00e1 una capacitaci\u00f3n intensiva sobre investigaci\u00f3n, identificaci\u00f3n, preservaci\u00f3n y conservaci\u00f3n del material fotogr\u00e1fico hist\u00f3rico.&nbsp; Ideal &hellip; <a href=\"https:\/\/cultura.sma.gob.ar\/?p=2432\" class=\"more-link\">Continue reading <span class=\"screen-reader-text\">Curso de Historia de la Fotograf\u00eda Argentina \u2013 Conservaci\u00f3n, preservaci\u00f3n e identificaci\u00f3n de antiguas fotograf\u00edas de San Mart\u00edn de los Andes.<\/span><\/a><\/p>\n","protected":false},"author":1,"featured_media":296,"comment_status":"closed","ping_status":"","sticky":false,"template":"","format":"image","meta":{"footnotes":""},"categories":[3,9],"tags":[67],"class_list":["post-2432","post","type-post","status-publish","format-image","has-post-thumbnail","hentry","category-eventos-cultura","category-ultimas-noticias","tag-feria-del-libro","post_format-post-format-image"],"_links":{"self":[{"href":"https:\/\/cultura.sma.gob.ar\/index.php?rest_route=\/wp\/v2\/posts\/2432","targetHints":{"allow":["GET"]}}],"collection":[{"href":"https:\/\/cultura.sma.gob.ar\/index.php?rest_route=\/wp\/v2\/posts"}],"about":[{"href":"https:\/\/cultura.sma.gob.ar\/index.php?rest_route=\/wp\/v2\/types\/post"}],"author":[{"embeddable":true,"href":"https:\/\/cultura.sma.gob.ar\/index.php?rest_route=\/wp\/v2\/users\/1"}],"replies":[{"embeddable":true,"href":"https:\/\/cultura.sma.gob.ar\/index.php?rest_route=%2Fwp%2Fv2%2Fcomments&post=2432"}],"version-history":[{"count":2,"href":"https:\/\/cultura.sma.gob.ar\/index.php?rest_route=\/wp\/v2\/posts\/2432\/revisions"}],"predecessor-version":[{"id":2555,"href":"https:\/\/cultura.sma.gob.ar\/index.php?rest_route=\/wp\/v2\/posts\/2432\/revisions\/2555"}],"wp:featuredmedia":[{"embeddable":true,"href":"https:\/\/cultura.sma.gob.ar\/index.php?rest_route=\/wp\/v2\/media\/296"}],"wp:attachment":[{"href":"https:\/\/cultura.sma.gob.ar\/index.php?rest_route=%2Fwp%2Fv2%2Fmedia&parent=2432"}],"wp:term":[{"taxonomy":"category","embeddable":true,"href":"https:\/\/cultura.sma.gob.ar\/index.php?rest_route=%2Fwp%2Fv2%2Fcategories&post=2432"},{"taxonomy":"post_tag","embeddable":true,"href":"https:\/\/cultura.sma.gob.ar\/index.php?rest_route=%2Fwp%2Fv2%2Ftags&post=2432"}],"curies":[{"name":"wp","href":"https:\/\/api.w.org\/{rel}","templated":true}]}}