{"id":2427,"date":"2021-10-05T11:36:25","date_gmt":"2021-10-05T14:36:25","guid":{"rendered":"http:\/\/cultura.sma.gob.ar\/?p=2427"},"modified":"2021-10-05T11:36:25","modified_gmt":"2021-10-05T14:36:25","slug":"visita-guiada-a-la-muestra-la-fotografia-en-la-historia-argentina-a-cargo-de-abel-alexander","status":"publish","type":"post","link":"https:\/\/cultura.sma.gob.ar\/?p=2427","title":{"rendered":"Visita guiada a la muestra \u201cLa fotograf\u00eda en la Historia Argentina\u201d, a cargo de Abel Alexander"},"content":{"rendered":"\n<h4 class=\"wp-block-heading\">Lunes 11 de octubre a las 18hs &#8211; Auditorio Sala Chapitel<\/h4>\n\n\n\n<p>Esta muestra realizada por el historiador fotogr\u00e1fico Abel Alexander\u00a0 est\u00e1 compuesta por 50 fotograf\u00edas que dan cuenta de distintos momentos de la Historia Argentina, desde 1845 hasta 2005.\u00a0<\/p>\n\n\n\n<p>Su realizador ofrecer\u00e1 una \u201cvisita guiada\u201d sobre esta exposici\u00f3n de car\u00e1cter fotogr\u00e1fico, hist\u00f3rico, did\u00e1ctico y educativo que consiste en la representaci\u00f3n iconogr\u00e1fica de los sucesos hist\u00f3ricos m\u00e1s importantes del pa\u00eds en el per\u00edodo mencionado.<\/p>\n\n\n\n<p><strong>SOBRE EL AUTOR<\/strong><\/p>\n\n\n\n<p>Abel Alexander (Buenos Aires, 1943) es investigador, coleccionista y conservador de fondos fotogr\u00e1ficos. Descendiente en quinta generaci\u00f3n del daguerrotipista y fot\u00f3grafo alem\u00e1n Adolfo Alexander. En 1985 fue miembro fundador del Centro de Investigaciones sobre<\/p>\n\n\n\n<p>Fotograf\u00eda Antigua en la Argentina Dr. Julio F. Riob\u00f3 (CIFAA). En 1992 inici\u00f3, junto a Miguel \u00c1ngel Cuarterolo y Juan G\u00f3mez, los reconocidos Congresos de Historia de la Fotograf\u00eda. Entre 2006 y 2018 fue asesor hist\u00f3rico-fotogr\u00e1fico de la Fototeca Benito Panunzi de la Biblioteca Nacional Mariano Moreno y, desde hace dos d\u00e9cadas, se desempe\u00f1a como periodista especializado en fotograf\u00eda antigua del diario Clar\u00edn. Es autor de numerosos cat\u00e1logos, art\u00edculos y ensayos sobre fotograf\u00eda hist\u00f3rica en Argentina, entre ellos, La fotograf\u00eda en la historia argentina (2006), El caser\u00f3n de Rosas (2013) <\/p>\n\n\n\n<p>Escenas de la vida cotidiana (2017). Ha co-editado, junto a Luis Priamo, libros fotogr\u00e1ficos sobre Samuel Rimath\u00e9, Christiano Junior, H.G. Olds, Samuel y Arturo Boote. Actualmente es presidente de la Sociedad Iberoamericana de Historia de la Fotograf\u00eda.<\/p>\n","protected":false},"excerpt":{"rendered":"<p>Lunes 11 de octubre a las 18hs &#8211; Auditorio Sala Chapitel Esta muestra realizada por el historiador fotogr\u00e1fico Abel Alexander\u00a0 est\u00e1 compuesta por 50 fotograf\u00edas que dan cuenta de distintos momentos de la Historia Argentina, desde 1845 hasta 2005.\u00a0 Su realizador ofrecer\u00e1 una \u201cvisita guiada\u201d sobre esta exposici\u00f3n de car\u00e1cter fotogr\u00e1fico, hist\u00f3rico, did\u00e1ctico y educativo que consiste en la representaci\u00f3n iconogr\u00e1fica de los sucesos hist\u00f3ricos &hellip; <a href=\"https:\/\/cultura.sma.gob.ar\/?p=2427\" class=\"more-link\">Continue reading <span class=\"screen-reader-text\">Visita guiada a la muestra \u201cLa fotograf\u00eda en la Historia Argentina\u201d, a cargo de Abel Alexander<\/span><\/a><\/p>\n","protected":false},"author":1,"featured_media":296,"comment_status":"closed","ping_status":"","sticky":false,"template":"","format":"image","meta":{"footnotes":""},"categories":[3,9],"tags":[67],"class_list":["post-2427","post","type-post","status-publish","format-image","has-post-thumbnail","hentry","category-eventos-cultura","category-ultimas-noticias","tag-feria-del-libro","post_format-post-format-image"],"_links":{"self":[{"href":"https:\/\/cultura.sma.gob.ar\/index.php?rest_route=\/wp\/v2\/posts\/2427","targetHints":{"allow":["GET"]}}],"collection":[{"href":"https:\/\/cultura.sma.gob.ar\/index.php?rest_route=\/wp\/v2\/posts"}],"about":[{"href":"https:\/\/cultura.sma.gob.ar\/index.php?rest_route=\/wp\/v2\/types\/post"}],"author":[{"embeddable":true,"href":"https:\/\/cultura.sma.gob.ar\/index.php?rest_route=\/wp\/v2\/users\/1"}],"replies":[{"embeddable":true,"href":"https:\/\/cultura.sma.gob.ar\/index.php?rest_route=%2Fwp%2Fv2%2Fcomments&post=2427"}],"version-history":[{"count":3,"href":"https:\/\/cultura.sma.gob.ar\/index.php?rest_route=\/wp\/v2\/posts\/2427\/revisions"}],"predecessor-version":[{"id":2473,"href":"https:\/\/cultura.sma.gob.ar\/index.php?rest_route=\/wp\/v2\/posts\/2427\/revisions\/2473"}],"wp:featuredmedia":[{"embeddable":true,"href":"https:\/\/cultura.sma.gob.ar\/index.php?rest_route=\/wp\/v2\/media\/296"}],"wp:attachment":[{"href":"https:\/\/cultura.sma.gob.ar\/index.php?rest_route=%2Fwp%2Fv2%2Fmedia&parent=2427"}],"wp:term":[{"taxonomy":"category","embeddable":true,"href":"https:\/\/cultura.sma.gob.ar\/index.php?rest_route=%2Fwp%2Fv2%2Fcategories&post=2427"},{"taxonomy":"post_tag","embeddable":true,"href":"https:\/\/cultura.sma.gob.ar\/index.php?rest_route=%2Fwp%2Fv2%2Ftags&post=2427"}],"curies":[{"name":"wp","href":"https:\/\/api.w.org\/{rel}","templated":true}]}}