{"id":2425,"date":"2021-10-05T11:32:51","date_gmt":"2021-10-05T14:32:51","guid":{"rendered":"http:\/\/cultura.sma.gob.ar\/?p=2425"},"modified":"2021-10-05T11:32:51","modified_gmt":"2021-10-05T14:32:51","slug":"abel-alexander-estos-debiles-papeles-son-mas-fuertes-que-los-ladrillos","status":"publish","type":"post","link":"https:\/\/cultura.sma.gob.ar\/?p=2425","title":{"rendered":"Abel Alexander &#8211; &#8220;Estos d\u00e9biles papeles son m\u00e1s fuertes que los ladrillos&#8221;"},"content":{"rendered":"\n<h4 class=\"wp-block-heading\">Lunes 11 de octubre, 17:30hs &#8211; Auditorio Sala Chapitel<\/h4>\n\n\n\n<p>Organiza: Secretar\u00eda de Cultura.<\/p>\n\n\n\n<p>Material editado por la Fundaci\u00f3n Arte x Arte, de Buenos Aires.<\/p>\n\n\n\n<p>Abel Alexander forma parte de aquella primera generaci\u00f3n de investigadores y amantes de la fotograf\u00eda que aunaron sus esfuerzos para poner en valor esta disciplina en el \u00e1mbito de las artes y el patrimonio. Este libro rescata el trabajo de m\u00e1s de treinta a\u00f1os dedicados con pasi\u00f3n a la historia de la fotograf\u00eda antigua en la Argentina.<\/p>\n\n\n\n<p>Se trata de una antolog\u00eda de textos que recorre la experiencia de los primeros estudios de fotograf\u00eda en Buenos Aires, como Witcomb, Chandler, Chute &amp; Brooks, Freitas y Lucien Cant\u00f3n; la expansi\u00f3n de esta t\u00e9cnica en distintos pueblos de la provincia hacia fines del siglo XIX y principios del siglo XX y su relaci\u00f3n con diferentes grupos sociales de la \u00e9poca, como la comunidad afroargentina, los gauchos y la colectividad de inmigrantes italianos.<\/p>\n\n\n\n<p>Adem\u00e1s, el libro cuenta con un ap\u00e9ndice que incluye una investigaci\u00f3n sobre fotograf\u00edas estereosc\u00f3picas y daguerrotipos er\u00f3ticos.<\/p>\n\n\n\n<p>Como sostiene en el pr\u00f3logo Laura Malosetti Costa,&nbsp;<em>Estos d\u00e9biles papeles son m\u00e1s fuertes que los ladrillos<\/em>&nbsp;contribuye no solo al reconocimiento de la labor historiogr\u00e1fica de Abel Alexander, sino tambi\u00e9n a seguir despertando esta vocaci\u00f3n en las generaciones futuras.<\/p>\n\n\n\n<p><strong>SOBRE EL AUTOR<\/strong><\/p>\n\n\n\n<p>Abel Alexander (Buenos Aires, 1943) es investigador, coleccionista y conservador de fondos fotogr\u00e1ficos. Descendiente en quinta generaci\u00f3n del daguerrotipista y fot\u00f3grafo alem\u00e1n Adolfo Alexander. En 1985 fue miembro fundador del Centro de Investigaciones sobre<\/p>\n\n\n\n<p>Fotograf\u00eda Antigua en la Argentina Dr. Julio F. Riob\u00f3 (CIFAA). En 1992 inici\u00f3, junto a Miguel \u00c1ngel Cuarterolo y Juan G\u00f3mez, los reconocidos Congresos de Historia de la Fotograf\u00eda. Entre 2006 y 2018 fue asesor hist\u00f3rico-fotogr\u00e1fico de la Fototeca Benito Panunzi de la Biblioteca Nacional Mariano Moreno y, desde hace dos d\u00e9cadas, se desempe\u00f1a como periodista especializado en fotograf\u00eda antigua del diario Clar\u00edn. Es autor de numerosos cat\u00e1logos, art\u00edculos y ensayos sobre fotograf\u00eda hist\u00f3rica en Argentina, entre ellos, La fotograf\u00eda en la historia argentina (2006), El caser\u00f3n de Rosas (2013) y<\/p>\n\n\n\n<p>Escenas de la vida cotidiana (2017). Ha co-editado, junto a Luis Priamo, libros fotogr\u00e1ficos sobre Samuel Rimath\u00e9, Christiano Junior, H.G. Olds, Samuel y Arturo Boote. Actualmente es presidente de la Sociedad Iberoamericana de Historia de la Fotograf\u00eda.<\/p>\n","protected":false},"excerpt":{"rendered":"<p>Lunes 11 de octubre, 17:30hs &#8211; Auditorio Sala Chapitel Organiza: Secretar\u00eda de Cultura. Material editado por la Fundaci\u00f3n Arte x Arte, de Buenos Aires. Abel Alexander forma parte de aquella primera generaci\u00f3n de investigadores y amantes de la fotograf\u00eda que aunaron sus esfuerzos para poner en valor esta disciplina en el \u00e1mbito de las artes y el patrimonio. Este libro rescata el trabajo de m\u00e1s &hellip; <a href=\"https:\/\/cultura.sma.gob.ar\/?p=2425\" class=\"more-link\">Continue reading <span class=\"screen-reader-text\">Abel Alexander &#8211; &#8220;Estos d\u00e9biles papeles son m\u00e1s fuertes que los ladrillos&#8221;<\/span><\/a><\/p>\n","protected":false},"author":1,"featured_media":296,"comment_status":"closed","ping_status":"","sticky":false,"template":"","format":"image","meta":{"footnotes":""},"categories":[3,9],"tags":[67],"class_list":["post-2425","post","type-post","status-publish","format-image","has-post-thumbnail","hentry","category-eventos-cultura","category-ultimas-noticias","tag-feria-del-libro","post_format-post-format-image"],"_links":{"self":[{"href":"https:\/\/cultura.sma.gob.ar\/index.php?rest_route=\/wp\/v2\/posts\/2425","targetHints":{"allow":["GET"]}}],"collection":[{"href":"https:\/\/cultura.sma.gob.ar\/index.php?rest_route=\/wp\/v2\/posts"}],"about":[{"href":"https:\/\/cultura.sma.gob.ar\/index.php?rest_route=\/wp\/v2\/types\/post"}],"author":[{"embeddable":true,"href":"https:\/\/cultura.sma.gob.ar\/index.php?rest_route=\/wp\/v2\/users\/1"}],"replies":[{"embeddable":true,"href":"https:\/\/cultura.sma.gob.ar\/index.php?rest_route=%2Fwp%2Fv2%2Fcomments&post=2425"}],"version-history":[{"count":2,"href":"https:\/\/cultura.sma.gob.ar\/index.php?rest_route=\/wp\/v2\/posts\/2425\/revisions"}],"predecessor-version":[{"id":2471,"href":"https:\/\/cultura.sma.gob.ar\/index.php?rest_route=\/wp\/v2\/posts\/2425\/revisions\/2471"}],"wp:featuredmedia":[{"embeddable":true,"href":"https:\/\/cultura.sma.gob.ar\/index.php?rest_route=\/wp\/v2\/media\/296"}],"wp:attachment":[{"href":"https:\/\/cultura.sma.gob.ar\/index.php?rest_route=%2Fwp%2Fv2%2Fmedia&parent=2425"}],"wp:term":[{"taxonomy":"category","embeddable":true,"href":"https:\/\/cultura.sma.gob.ar\/index.php?rest_route=%2Fwp%2Fv2%2Fcategories&post=2425"},{"taxonomy":"post_tag","embeddable":true,"href":"https:\/\/cultura.sma.gob.ar\/index.php?rest_route=%2Fwp%2Fv2%2Ftags&post=2425"}],"curies":[{"name":"wp","href":"https:\/\/api.w.org\/{rel}","templated":true}]}}