{"id":2420,"date":"2021-10-05T11:58:10","date_gmt":"2021-10-05T14:58:10","guid":{"rendered":"http:\/\/cultura.sma.gob.ar\/?p=2420"},"modified":"2021-10-05T11:58:10","modified_gmt":"2021-10-05T14:58:10","slug":"silvia-mellado-presentacion-de-obra-y-lectura-de-poemas-de-cantos-limayos","status":"publish","type":"post","link":"https:\/\/cultura.sma.gob.ar\/?p=2420","title":{"rendered":"Silvia Mellado: presentaci\u00f3n de obra y lectura de poemas de Cantos Limayos"},"content":{"rendered":"\n<h4 class=\"wp-block-heading\">Martes 12 de octubre a las 18:30hs &#8211; Auditorio Sala Chapitel<\/h4>\n\n\n\n<p>Organiza: Comisi\u00f3n FRL<\/p>\n\n\n\n<p>Presenta: Marisa Godoy<\/p>\n\n\n\n<p>Cantos limayos obtuvo el primer premio nacional de poes\u00eda Stroni 2021, organizado por el Ministerio de Cultura. <em>La ficci\u00f3n de la poes\u00ed<\/em>a es una antolog\u00eda que forma parte de la Serie Poetas de Neuqu\u00e9n, libros distribuidos de manera gratuita en escuelas y bibliotecas de la provincia en el marco del proyecto impulsado desde la Legislatura de Neuqu\u00e9n por Oscar Sarhan.&nbsp;<\/p>\n\n\n\n<p>Integra antolog\u00edas como <em>\u00daltima poes\u00eda arge<\/em>ntina (en Danza 2008); <em>Lof sitiado. Homenaje po\u00e9tico al pueblo mapuche de Chile<\/em> (edici\u00f3n de Jaime Huen\u00fan, 2011); <em>Los umbrales imposibles. De la Patagonia al caribe angl\u00f3fono<\/em> (edici\u00f3n de Laura Pollastri, 2014); Antolog\u00eda Federal de Poes\u00eda. Regi\u00f3n Patagonia (2014); <em>Comoe. Seis poetas en Neuqu\u00e9n<\/em> (Ediciones la grieta,2015); <em>Estaci\u00f3n Limay. Antolog\u00eda contempor\u00e1nea de poetas del Neuqu\u00e9<\/em>n (Ra\u00fal Mansilla y Tom\u00e1s Watkins, 2017); <em>Atlas de la poes\u00eda argentina II<\/em> (edici\u00f3n de Eugenia Stracali y Bruno Crisorio, 2019). Particip\u00f3 en lecturas y encuentros de escritoras en Argentina, Chile, Per\u00fa y Alemania. Organiz\u00f3 espect\u00e1culos colectivos en poes\u00eda y otras artes con Oscar Cares, Pao Lunch, Bel\u00e9n Lorenzi, Ver\u00f3nica Pad\u00edn, Pablo Iglesias, \u00c1ngela Jerez, Gerardo Burton, Ra\u00fal Mansilla y Macky Corbal\u00e1n.&nbsp;<\/p>\n\n\n\n<p>Silvia Mellado naci\u00f3 en Zapala, Neuqu\u00e9n, Argentina, en el a\u00f1o 1977. Poeta. Profesora y Licenciada en Letras por la Universidad Nacional de La Plata, Buenos Aires, Argentina. Doctora en Letras por la Universidad Nacional de C\u00f3rdoba, Argentina. Docente de la Facultad de Humanidades, Universidad Nacional del Comahue, Patagonia \u2013 Argentina, y miembro del Centro Patag\u00f3nico de Estudios Latinoamericanos de la misma Facultad. Es Investigadora asistente CONICET. Ha realizado estudios y estancias de investigaci\u00f3n en la Universidad Nacional Mayor de San Marcos, en Lima, Per\u00fa. Ha dictado cursos de grado y posgrado en la Universidad del Comahue y en la Universidad Friedrich Schiller de Jena, Alemania (2015).&nbsp;&nbsp;<\/p>\n","protected":false},"excerpt":{"rendered":"<p>Martes 12 de octubre a las 18:30hs &#8211; Auditorio Sala Chapitel Organiza: Comisi\u00f3n FRL Presenta: Marisa Godoy Cantos limayos obtuvo el primer premio nacional de poes\u00eda Stroni 2021, organizado por el Ministerio de Cultura. La ficci\u00f3n de la poes\u00eda es una antolog\u00eda que forma parte de la Serie Poetas de Neuqu\u00e9n, libros distribuidos de manera gratuita en escuelas y bibliotecas de la provincia en el &hellip; <a href=\"https:\/\/cultura.sma.gob.ar\/?p=2420\" class=\"more-link\">Continue reading <span class=\"screen-reader-text\">Silvia Mellado: presentaci\u00f3n de obra y lectura de poemas de Cantos Limayos<\/span><\/a><\/p>\n","protected":false},"author":1,"featured_media":296,"comment_status":"closed","ping_status":"","sticky":false,"template":"","format":"image","meta":{"footnotes":""},"categories":[3,9],"tags":[67],"class_list":["post-2420","post","type-post","status-publish","format-image","has-post-thumbnail","hentry","category-eventos-cultura","category-ultimas-noticias","tag-feria-del-libro","post_format-post-format-image"],"_links":{"self":[{"href":"https:\/\/cultura.sma.gob.ar\/index.php?rest_route=\/wp\/v2\/posts\/2420","targetHints":{"allow":["GET"]}}],"collection":[{"href":"https:\/\/cultura.sma.gob.ar\/index.php?rest_route=\/wp\/v2\/posts"}],"about":[{"href":"https:\/\/cultura.sma.gob.ar\/index.php?rest_route=\/wp\/v2\/types\/post"}],"author":[{"embeddable":true,"href":"https:\/\/cultura.sma.gob.ar\/index.php?rest_route=\/wp\/v2\/users\/1"}],"replies":[{"embeddable":true,"href":"https:\/\/cultura.sma.gob.ar\/index.php?rest_route=%2Fwp%2Fv2%2Fcomments&post=2420"}],"version-history":[{"count":2,"href":"https:\/\/cultura.sma.gob.ar\/index.php?rest_route=\/wp\/v2\/posts\/2420\/revisions"}],"predecessor-version":[{"id":2489,"href":"https:\/\/cultura.sma.gob.ar\/index.php?rest_route=\/wp\/v2\/posts\/2420\/revisions\/2489"}],"wp:featuredmedia":[{"embeddable":true,"href":"https:\/\/cultura.sma.gob.ar\/index.php?rest_route=\/wp\/v2\/media\/296"}],"wp:attachment":[{"href":"https:\/\/cultura.sma.gob.ar\/index.php?rest_route=%2Fwp%2Fv2%2Fmedia&parent=2420"}],"wp:term":[{"taxonomy":"category","embeddable":true,"href":"https:\/\/cultura.sma.gob.ar\/index.php?rest_route=%2Fwp%2Fv2%2Fcategories&post=2420"},{"taxonomy":"post_tag","embeddable":true,"href":"https:\/\/cultura.sma.gob.ar\/index.php?rest_route=%2Fwp%2Fv2%2Ftags&post=2420"}],"curies":[{"name":"wp","href":"https:\/\/api.w.org\/{rel}","templated":true}]}}