{"id":2418,"date":"2021-10-05T14:37:00","date_gmt":"2021-10-05T17:37:00","guid":{"rendered":"http:\/\/cultura.sma.gob.ar\/?p=2418"},"modified":"2021-10-05T14:37:00","modified_gmt":"2021-10-05T17:37:00","slug":"el-microrrelato-en-el-area-cultural-sur-argentina-chile","status":"publish","type":"post","link":"https:\/\/cultura.sma.gob.ar\/?p=2418","title":{"rendered":"El microrrelato en el \u00e1rea cultural sur (Argentina \u2013 Chile)"},"content":{"rendered":"\n<h4 class=\"wp-block-heading\">Mi\u00e9rcoles 13 de octubre a las 10hs &#8211; Auditorio Sala Chapitel <\/h4>\n\n\n\n<p>Disertantes: Noelia Soriano Burgu\u00e9s y Aixa Valentina Natalini (Centro Patag\u00f3nico de Estudios Latinoamericanos, FAHU, UNCO)<\/p>\n\n\n\n<p>Taller de microrrelatos dirigido a&nbsp; docentes de Nivel medio y terciario.<\/p>\n\n\n\n<p>Se pretende abrir un espacio de taller donde confluyan varios aspectos: una actualizaci\u00f3n disciplinar sobre la especificidad del g\u00e9nero \u2018microrrelato\u2019; la lectura interpretativa de un corpus de microrrelatos producidos en el \u2018\u00e1rea cultural sur\u2019 (Espinosa) argentino-chilena; la reflexi\u00f3n acerca de la potencialidad del g\u00e9nero dentro del aula; la escritura creativa.&nbsp;&nbsp;&nbsp;<\/p>\n\n\n\n<p><strong>Noelia Soriano Burgu\u00e9s<\/strong> (Buenos Aires 1975. Reside en Neuqu\u00e9n desde 1984). Profesora en Letras y Especialista en Literatura Hispanoamericana del Siglo XX por la Universidad Nacional del Comahue. Doctoranda en Letras en la Universidad Nacional de C\u00f3rdoba, con el Proyecto titulado: \u201cEntre lo visual y la palabra en la literatura del sur de Chile y Argentina (1990-2013)\u201d. Integra el proyecto de investigaci\u00f3n \u201cLiteratura del \u00e1rea cultural sur chilena y argentina en el siglo XXI\u201d (04\/H182), dirigido por la Dra. Laura Pollastri y codirigido por la Dra. Gabriela Espinosa. Ha publicado art\u00edculos en revistas y libros especializados nacionales e internacionales.<\/p>\n\n\n\n<p><strong>Aixa Valentina Natalini<\/strong> (Mendoza, 1977; reside en General Roca-Fiske Menuco, R\u00edo Negro). Profesora en Letras y Especialista en Literatura Hispanoamericana del siglo XX por la Universidad Nacional del Comahue. Doctoranda en Letras por la Universidad de C\u00f3rdoba con el Proyecto titulado: \u201cLa literatura contempor\u00e1nea en el \u00e1rea cultural sur argentino-chilena (2000-2014): entre la palabra individual y el verbo colectivo\u201d. Docente en el nivel universitario (Literatura en Lengua Espa\u00f1ola) y terciario (Literatura y su Did\u00e1ctica). Miembro del Centro Patag\u00f3nico de Estudios Latinoamericanos (Facultad de Humanidades, Universidad Nacional del Comahue). Investigadora en el proyecto de investigaci\u00f3n \u201cLiteratura del \u00e1rea cultural sur chilena y argentina en el siglo XXI\u201d (04\/H182), dirigido por la Dra. Laura Pollastri y codirigido por la Dra. Gabriela Espinosa. Posee art\u00edculos publicados en revistas y libros especializados nacionales e internacionales.<\/p>\n","protected":false},"excerpt":{"rendered":"<p>Mi\u00e9rcoles 13 de octubre a las 10hs &#8211; Auditorio Sala Chapitel Disertantes: Noelia Soriano Burgu\u00e9s y Aixa Valentina Natalini (Centro Patag\u00f3nico de Estudios Latinoamericanos, FAHU, UNCO) Taller de microrrelatos dirigido a&nbsp; docentes de Nivel medio y terciario. Se pretende abrir un espacio de taller donde confluyan varios aspectos: una actualizaci\u00f3n disciplinar sobre la especificidad del g\u00e9nero \u2018microrrelato\u2019; la lectura interpretativa de un corpus de microrrelatos &hellip; <a href=\"https:\/\/cultura.sma.gob.ar\/?p=2418\" class=\"more-link\">Continue reading <span class=\"screen-reader-text\">El microrrelato en el \u00e1rea cultural sur (Argentina \u2013 Chile)<\/span><\/a><\/p>\n","protected":false},"author":1,"featured_media":296,"comment_status":"closed","ping_status":"","sticky":false,"template":"","format":"image","meta":{"footnotes":""},"categories":[3,9],"tags":[67],"class_list":["post-2418","post","type-post","status-publish","format-image","has-post-thumbnail","hentry","category-eventos-cultura","category-ultimas-noticias","tag-feria-del-libro","post_format-post-format-image"],"_links":{"self":[{"href":"https:\/\/cultura.sma.gob.ar\/index.php?rest_route=\/wp\/v2\/posts\/2418","targetHints":{"allow":["GET"]}}],"collection":[{"href":"https:\/\/cultura.sma.gob.ar\/index.php?rest_route=\/wp\/v2\/posts"}],"about":[{"href":"https:\/\/cultura.sma.gob.ar\/index.php?rest_route=\/wp\/v2\/types\/post"}],"author":[{"embeddable":true,"href":"https:\/\/cultura.sma.gob.ar\/index.php?rest_route=\/wp\/v2\/users\/1"}],"replies":[{"embeddable":true,"href":"https:\/\/cultura.sma.gob.ar\/index.php?rest_route=%2Fwp%2Fv2%2Fcomments&post=2418"}],"version-history":[{"count":2,"href":"https:\/\/cultura.sma.gob.ar\/index.php?rest_route=\/wp\/v2\/posts\/2418\/revisions"}],"predecessor-version":[{"id":2559,"href":"https:\/\/cultura.sma.gob.ar\/index.php?rest_route=\/wp\/v2\/posts\/2418\/revisions\/2559"}],"wp:featuredmedia":[{"embeddable":true,"href":"https:\/\/cultura.sma.gob.ar\/index.php?rest_route=\/wp\/v2\/media\/296"}],"wp:attachment":[{"href":"https:\/\/cultura.sma.gob.ar\/index.php?rest_route=%2Fwp%2Fv2%2Fmedia&parent=2418"}],"wp:term":[{"taxonomy":"category","embeddable":true,"href":"https:\/\/cultura.sma.gob.ar\/index.php?rest_route=%2Fwp%2Fv2%2Fcategories&post=2418"},{"taxonomy":"post_tag","embeddable":true,"href":"https:\/\/cultura.sma.gob.ar\/index.php?rest_route=%2Fwp%2Fv2%2Ftags&post=2418"}],"curies":[{"name":"wp","href":"https:\/\/api.w.org\/{rel}","templated":true}]}}