{"id":2416,"date":"2021-10-05T14:38:13","date_gmt":"2021-10-05T17:38:13","guid":{"rendered":"http:\/\/cultura.sma.gob.ar\/?p=2416"},"modified":"2021-10-05T14:38:13","modified_gmt":"2021-10-05T17:38:13","slug":"silvia-mellado-los-indicios-del-poema-clinica-de-poesia","status":"publish","type":"post","link":"https:\/\/cultura.sma.gob.ar\/?p=2416","title":{"rendered":"Silvia Mellado &#8211; &#8220;Los indicios del poema (cl\u00ednica de poes\u00eda)&#8221;"},"content":{"rendered":"\n<h4 class=\"wp-block-heading\">Mi\u00e9rcoles 13 de octubre a las 15hs &#8211; BP La Cascada<\/h4>\n\n\n\n<p>Destinado a j\u00f3venes que escriben.<\/p>\n\n\n\n<p>Este taller\/conversatorio est\u00e1 pensado como un espacio de reflexi\u00f3n sobre la propia creaci\u00f3n a partir de los poemas que enviar\u00e1n con anterioridad quienes se inscriban en la cl\u00ednica (uno o dos poemas por participante). Una vez que la coordinadora reciba los poemas, propondr\u00e1 la lectura de textos ensay\u00edsticos sobre poes\u00eda que inviten a charlar de manera colectiva puntos en com\u00fan de nuestras escrituras. Estos textos ensay\u00edsticos se abordar\u00e1n en el mismo taller y quedar\u00e1n como material al que podr\u00e1n recurrir en el futuro quienes asistan. Un eje transversal que recorre esta instancia es la puesta en voz de los poemas.&nbsp;<\/p>\n\n\n\n<p><\/p>\n","protected":false},"excerpt":{"rendered":"<p>Mi\u00e9rcoles 13 de octubre a las 15hs &#8211; BP La Cascada Destinado a j\u00f3venes que escriben. Este taller\/conversatorio est\u00e1 pensado como un espacio de reflexi\u00f3n sobre la propia creaci\u00f3n a partir de los poemas que enviar\u00e1n con anterioridad quienes se inscriban en la cl\u00ednica (uno o dos poemas por participante). Una vez que la coordinadora reciba los poemas, propondr\u00e1 la lectura de textos ensay\u00edsticos sobre &hellip; <a href=\"https:\/\/cultura.sma.gob.ar\/?p=2416\" class=\"more-link\">Continue reading <span class=\"screen-reader-text\">Silvia Mellado &#8211; &#8220;Los indicios del poema (cl\u00ednica de poes\u00eda)&#8221;<\/span><\/a><\/p>\n","protected":false},"author":1,"featured_media":0,"comment_status":"closed","ping_status":"","sticky":false,"template":"","format":"image","meta":{"footnotes":""},"categories":[1],"tags":[],"class_list":["post-2416","post","type-post","status-publish","format-image","hentry","category-sin-categoria","post_format-post-format-image"],"_links":{"self":[{"href":"https:\/\/cultura.sma.gob.ar\/index.php?rest_route=\/wp\/v2\/posts\/2416","targetHints":{"allow":["GET"]}}],"collection":[{"href":"https:\/\/cultura.sma.gob.ar\/index.php?rest_route=\/wp\/v2\/posts"}],"about":[{"href":"https:\/\/cultura.sma.gob.ar\/index.php?rest_route=\/wp\/v2\/types\/post"}],"author":[{"embeddable":true,"href":"https:\/\/cultura.sma.gob.ar\/index.php?rest_route=\/wp\/v2\/users\/1"}],"replies":[{"embeddable":true,"href":"https:\/\/cultura.sma.gob.ar\/index.php?rest_route=%2Fwp%2Fv2%2Fcomments&post=2416"}],"version-history":[{"count":2,"href":"https:\/\/cultura.sma.gob.ar\/index.php?rest_route=\/wp\/v2\/posts\/2416\/revisions"}],"predecessor-version":[{"id":2560,"href":"https:\/\/cultura.sma.gob.ar\/index.php?rest_route=\/wp\/v2\/posts\/2416\/revisions\/2560"}],"wp:attachment":[{"href":"https:\/\/cultura.sma.gob.ar\/index.php?rest_route=%2Fwp%2Fv2%2Fmedia&parent=2416"}],"wp:term":[{"taxonomy":"category","embeddable":true,"href":"https:\/\/cultura.sma.gob.ar\/index.php?rest_route=%2Fwp%2Fv2%2Fcategories&post=2416"},{"taxonomy":"post_tag","embeddable":true,"href":"https:\/\/cultura.sma.gob.ar\/index.php?rest_route=%2Fwp%2Fv2%2Ftags&post=2416"}],"curies":[{"name":"wp","href":"https:\/\/api.w.org\/{rel}","templated":true}]}}