{"id":2412,"date":"2021-10-05T12:01:34","date_gmt":"2021-10-05T15:01:34","guid":{"rendered":"http:\/\/cultura.sma.gob.ar\/?p=2412"},"modified":"2021-10-05T12:01:34","modified_gmt":"2021-10-05T15:01:34","slug":"conversatorio-con-el-centro-patagonicos-de-estudios-latinoamericanos","status":"publish","type":"post","link":"https:\/\/cultura.sma.gob.ar\/?p=2412","title":{"rendered":"Conversatorio con el Centro Patag\u00f3nicos de Estudios Latinoamericanos"},"content":{"rendered":"\n<h4 class=\"wp-block-heading\">Martes 12 de octubre a las 19hs &#8211; Auditorio Sala Chapitel<\/h4>\n\n\n\n<p>Organiza: Facultad de Humanidades &#8211; UNCo<\/p>\n\n\n\n<p>Disertantes: Laura Pollastri, Gabriela Espinosa, Valentina Natalini, Noelia Soriano Burgu\u00e9s, Silvia Mellado\u00a0<\/p>\n\n\n\n<p>Esta mesa tiene el objetivo de comunicar y compartir las actividades del Centro Patag\u00f3nicos de Estudios Latinoamericanos (Facultad de Humanidades, Universidad Nacional del Comahue), en especial, las indagaciones actuales sobre la literatura del \u2018\u00e1rea cultural sur\u2019 (Espinosa) chilena y argentina.&nbsp; En este Centro, fundado en 2002 por la Dra. Laura Pollastri, se han radicado numerosos proyectos de investigaci\u00f3n, becas, pasant\u00edas. Tambi\u00e9n, se impulsan, ejecutan y acompa\u00f1an numerosas actividades de difusi\u00f3n, extensi\u00f3n, vinculaci\u00f3n y articulaci\u00f3n con el medio.<\/p>\n\n\n\n<p><strong>Laura Pollastri<\/strong>: Doctora en Letras (Universidad Nacional de La Plata), catedr\u00e1tica de Literatura Hispanoamericana, fundadora&nbsp; y directora del Centro Patag\u00f3nicos de Estudios Latinoamericanos (Facultad de Humanidades, Universidad Nacional del Comahue), directora del proyecto de investigaci\u00f3n \u201cLiteratura del \u00e1rea cultural sur chilena y&nbsp; argentina en el siglo XXI\u201d (04\/H182).<\/p>\n\n\n\n<p><strong>Gabriela Espinosa<\/strong>: Doctora en Letras, profesora adjunta de Literatura Hispanoamericana, miembro del Centro Patag\u00f3nico de Estudios Latinoamericanos, vicedecana de la Facultad de Humanidades, Universidad Nacional del Comahue,&nbsp; Argentina. Codirectora del proyecto de investigaci\u00f3n \u201cLiteratura del \u00e1rea cultural sur chilena y argentina en el&nbsp; siglo XXI\u201d dirigido por la Dra. Laura Pollastri, Centro Patag\u00f3nico de Estudios Latinoamericanos, Facultad de&nbsp; Humanidades, Universidad Nacional del Comahue.<\/p>\n\n\n\n<p><strong>Valentina Natalini<\/strong>: Especialista en Literatura Hispanoamericana del siglo XX. Doctoranda en Letras (Universidad Nacional de C\u00f3rdoba, Argentina). Profesora a cargo de Literatura en Lengua Espa\u00f1ola I y II (Facultad de Lenguas,&nbsp; Universidad Nacional del Comahue). Investigadora del Centro Patag\u00f3nico de Estudios Latinoamericanos. Integra el proyecto de investigaci\u00f3n \u201cLiteratura del \u00e1rea cultural sur chilena&nbsp; y argentina en el siglo XXI\u201d (04\/H182), dirigido por la Dra. Laura Pollastri y codirigido por la Doctora Gabriela.<\/p>\n\n\n\n<p><strong>Noelia Soriano Burgu\u00e9s<\/strong>: Especialista en Literatura Hispanoamericana del Siglo XX y profesora en Letras. Doctoranda en Letras de la Universidad Nacional de C\u00f3rdoba. Ayudante de Literatura Hispanoamericana I y II, Facultad de Humanidades, Universidad Nacional del Comahue. Miembro del Centro Patag\u00f3nico de Estudios Latinoamericanos. Integra el proyecto de investigaci\u00f3n \u201cLiteratura del \u00e1rea cultural sur chilena y argentina en el siglo XXI\u201d (04\/H182), dirigido por la Dra. Laura Pollastri y codirigido por la doctora Gabriela Espinosa.<\/p>\n\n\n\n<p><strong>Silvia Mellado<\/strong>: Doctora en Letras, profesora ayudante de Literatura Hispanoamericana, miembro del Centro Patag\u00f3nico de Estudios Latinoamericanos (Facultad de Humanidades, Universidad Nacional del Comahue) e investigadora asistente del Consejo Nacional de Investigaciones Cient\u00edficas y T\u00e9cnicas (Argentina). Integra el proyecto de investigaci\u00f3n Literatura del \u00c1rea Cultural Sur Chilena y Argentina en el Siglo XXI (04\/H182), dirigido por la doctora Laura Pollastri y codirigido por la doctora Gabriela Espinosa.<\/p>\n","protected":false},"excerpt":{"rendered":"<p>Martes 12 de octubre a las 19hs &#8211; Auditorio Sala Chapitel Organiza: Facultad de Humanidades &#8211; UNCo Disertantes: Laura Pollastri, Gabriela Espinosa, Valentina Natalini, Noelia Soriano Burgu\u00e9s, Silvia Mellado\u00a0 Esta mesa tiene el objetivo de comunicar y compartir las actividades del Centro Patag\u00f3nicos de Estudios Latinoamericanos (Facultad de Humanidades, Universidad Nacional del Comahue), en especial, las indagaciones actuales sobre la literatura del \u2018\u00e1rea cultural sur\u2019 &hellip; <a href=\"https:\/\/cultura.sma.gob.ar\/?p=2412\" class=\"more-link\">Continue reading <span class=\"screen-reader-text\">Conversatorio con el Centro Patag\u00f3nicos de Estudios Latinoamericanos<\/span><\/a><\/p>\n","protected":false},"author":1,"featured_media":296,"comment_status":"closed","ping_status":"","sticky":false,"template":"","format":"image","meta":{"footnotes":""},"categories":[3,9],"tags":[67],"class_list":["post-2412","post","type-post","status-publish","format-image","has-post-thumbnail","hentry","category-eventos-cultura","category-ultimas-noticias","tag-feria-del-libro","post_format-post-format-image"],"_links":{"self":[{"href":"https:\/\/cultura.sma.gob.ar\/index.php?rest_route=\/wp\/v2\/posts\/2412","targetHints":{"allow":["GET"]}}],"collection":[{"href":"https:\/\/cultura.sma.gob.ar\/index.php?rest_route=\/wp\/v2\/posts"}],"about":[{"href":"https:\/\/cultura.sma.gob.ar\/index.php?rest_route=\/wp\/v2\/types\/post"}],"author":[{"embeddable":true,"href":"https:\/\/cultura.sma.gob.ar\/index.php?rest_route=\/wp\/v2\/users\/1"}],"replies":[{"embeddable":true,"href":"https:\/\/cultura.sma.gob.ar\/index.php?rest_route=%2Fwp%2Fv2%2Fcomments&post=2412"}],"version-history":[{"count":2,"href":"https:\/\/cultura.sma.gob.ar\/index.php?rest_route=\/wp\/v2\/posts\/2412\/revisions"}],"predecessor-version":[{"id":2491,"href":"https:\/\/cultura.sma.gob.ar\/index.php?rest_route=\/wp\/v2\/posts\/2412\/revisions\/2491"}],"wp:featuredmedia":[{"embeddable":true,"href":"https:\/\/cultura.sma.gob.ar\/index.php?rest_route=\/wp\/v2\/media\/296"}],"wp:attachment":[{"href":"https:\/\/cultura.sma.gob.ar\/index.php?rest_route=%2Fwp%2Fv2%2Fmedia&parent=2412"}],"wp:term":[{"taxonomy":"category","embeddable":true,"href":"https:\/\/cultura.sma.gob.ar\/index.php?rest_route=%2Fwp%2Fv2%2Fcategories&post=2412"},{"taxonomy":"post_tag","embeddable":true,"href":"https:\/\/cultura.sma.gob.ar\/index.php?rest_route=%2Fwp%2Fv2%2Ftags&post=2412"}],"curies":[{"name":"wp","href":"https:\/\/api.w.org\/{rel}","templated":true}]}}