{"id":2409,"date":"2021-10-05T12:57:21","date_gmt":"2021-10-05T15:57:21","guid":{"rendered":"http:\/\/cultura.sma.gob.ar\/?p=2409"},"modified":"2021-10-05T12:57:21","modified_gmt":"2021-10-05T15:57:21","slug":"marcela-ferreyra-patagonia-un-paraiso-floristico","status":"publish","type":"post","link":"https:\/\/cultura.sma.gob.ar\/?p=2409","title":{"rendered":"Marcela Ferreyra &#8211; &#8220;Patagonia Un Paraiso floristico&#8221;"},"content":{"rendered":"\n<h4 class=\"wp-block-heading\">Viernes 15 de octubre a las 19hs &#8211; Auditorio Sala Chapitel<\/h4>\n\n\n\n<p>Organiza: Comisi\u00f3n FRL y Parque Nacional Lanin<\/p>\n\n\n\n<p>Todo p\u00fablico<\/p>\n\n\n\n<p>La Patagonia es un inmenso territorio con notables variaciones geogr\u00e1ficas y clim\u00e1ticas, lo que se traduce en una elevada diversidad y riqueza de especies.Durante la presentaci\u00f3n Marcela Ferreyra, bi\u00f3loga, docente y gu\u00eda de turismo bot\u00e1nico, nos mostrar\u00e1 las grandes formaciones vegetales y algunas especies representativas que testimonian que esta regi\u00f3n es un incre\u00edble reservorio gen\u00e9tico.<\/p>\n","protected":false},"excerpt":{"rendered":"<p>Viernes 15 de octubre a las 19hs &#8211; Auditorio Sala Chapitel Organiza: Comisi\u00f3n FRL y Parque Nacional Lanin Todo p\u00fablico La Patagonia es un inmenso territorio con notables variaciones geogr\u00e1ficas y clim\u00e1ticas, lo que se traduce en una elevada diversidad y riqueza de especies.Durante la presentaci\u00f3n Marcela Ferreyra, bi\u00f3loga, docente y gu\u00eda de turismo bot\u00e1nico, nos mostrar\u00e1 las grandes formaciones vegetales y algunas especies representativas &hellip; <a href=\"https:\/\/cultura.sma.gob.ar\/?p=2409\" class=\"more-link\">Continue reading <span class=\"screen-reader-text\">Marcela Ferreyra &#8211; &#8220;Patagonia Un Paraiso floristico&#8221;<\/span><\/a><\/p>\n","protected":false},"author":1,"featured_media":296,"comment_status":"closed","ping_status":"","sticky":false,"template":"","format":"image","meta":{"footnotes":""},"categories":[3,9],"tags":[67],"class_list":["post-2409","post","type-post","status-publish","format-image","has-post-thumbnail","hentry","category-eventos-cultura","category-ultimas-noticias","tag-feria-del-libro","post_format-post-format-image"],"_links":{"self":[{"href":"https:\/\/cultura.sma.gob.ar\/index.php?rest_route=\/wp\/v2\/posts\/2409","targetHints":{"allow":["GET"]}}],"collection":[{"href":"https:\/\/cultura.sma.gob.ar\/index.php?rest_route=\/wp\/v2\/posts"}],"about":[{"href":"https:\/\/cultura.sma.gob.ar\/index.php?rest_route=\/wp\/v2\/types\/post"}],"author":[{"embeddable":true,"href":"https:\/\/cultura.sma.gob.ar\/index.php?rest_route=\/wp\/v2\/users\/1"}],"replies":[{"embeddable":true,"href":"https:\/\/cultura.sma.gob.ar\/index.php?rest_route=%2Fwp%2Fv2%2Fcomments&post=2409"}],"version-history":[{"count":2,"href":"https:\/\/cultura.sma.gob.ar\/index.php?rest_route=\/wp\/v2\/posts\/2409\/revisions"}],"predecessor-version":[{"id":2521,"href":"https:\/\/cultura.sma.gob.ar\/index.php?rest_route=\/wp\/v2\/posts\/2409\/revisions\/2521"}],"wp:featuredmedia":[{"embeddable":true,"href":"https:\/\/cultura.sma.gob.ar\/index.php?rest_route=\/wp\/v2\/media\/296"}],"wp:attachment":[{"href":"https:\/\/cultura.sma.gob.ar\/index.php?rest_route=%2Fwp%2Fv2%2Fmedia&parent=2409"}],"wp:term":[{"taxonomy":"category","embeddable":true,"href":"https:\/\/cultura.sma.gob.ar\/index.php?rest_route=%2Fwp%2Fv2%2Fcategories&post=2409"},{"taxonomy":"post_tag","embeddable":true,"href":"https:\/\/cultura.sma.gob.ar\/index.php?rest_route=%2Fwp%2Fv2%2Ftags&post=2409"}],"curies":[{"name":"wp","href":"https:\/\/api.w.org\/{rel}","templated":true}]}}